{"id":10044,"date":"2021-04-21T20:25:39","date_gmt":"2021-04-21T19:25:39","guid":{"rendered":"https:\/\/www.kaineder.at\/wordpress\/?p=10044"},"modified":"2021-04-21T20:27:09","modified_gmt":"2021-04-21T19:27:09","slug":"resilienter-baum","status":"publish","type":"post","link":"https:\/\/www.kaineder.at\/wordpress\/resilienter-baum\/","title":{"rendered":"Der resiliente Baum"},"content":{"rendered":"<p><a href=\"https:\/\/www.kaineder.at\/wordpress\/wp-content\/uploads\/2021\/04\/2021-04-21-mittellandweg6-038-scaled.jpg\"><img loading=\"lazy\" decoding=\"async\" class=\"aligncenter size-medium wp-image-10046\" src=\"https:\/\/www.kaineder.at\/wordpress\/wp-content\/uploads\/2021\/04\/2021-04-21-mittellandweg6-038-300x225.jpg\" alt=\"Der geknickte Baum\" width=\"300\" height=\"225\" srcset=\"https:\/\/www.kaineder.at\/wordpress\/wp-content\/uploads\/2021\/04\/2021-04-21-mittellandweg6-038-300x225.jpg 300w, https:\/\/www.kaineder.at\/wordpress\/wp-content\/uploads\/2021\/04\/2021-04-21-mittellandweg6-038-1024x768.jpg 1024w, https:\/\/www.kaineder.at\/wordpress\/wp-content\/uploads\/2021\/04\/2021-04-21-mittellandweg6-038-150x113.jpg 150w, https:\/\/www.kaineder.at\/wordpress\/wp-content\/uploads\/2021\/04\/2021-04-21-mittellandweg6-038-768x576.jpg 768w, https:\/\/www.kaineder.at\/wordpress\/wp-content\/uploads\/2021\/04\/2021-04-21-mittellandweg6-038-1536x1152.jpg 1536w, https:\/\/www.kaineder.at\/wordpress\/wp-content\/uploads\/2021\/04\/2021-04-21-mittellandweg6-038-2048x1536.jpg 2048w, https:\/\/www.kaineder.at\/wordpress\/wp-content\/uploads\/2021\/04\/2021-04-21-mittellandweg6-038-750x563.jpg 750w\" sizes=\"auto, (max-width: 300px) 100vw, 300px\" \/><\/a><\/p>\n<p>Mein Finale am sechsten Tag waren 25 Kilometer von Rechberg, St. Thomas am Blasenstein, Bad Kreuzen bis Grein. Der Zug bringt mich nach Linz, der Bus wieder ins Bergdorf. In den Morgenstunden nebelte es wie im Sp\u00e4therbst. Dann die Sonne, die meine Gesichtshaut verdunkelte. Der Badesee von Rechberg da, aber noch nicht einladend. Alles gut &#8222;beleuchtet&#8220;, angeleuchtet. So das das eine oder andere Detail zum Innhalten, wie der geknickte Baumstamm, der trozdem den Baum tr\u00e4gt. Seit Jahren.<\/p>\n<p><!--more--><\/p>\n<p>Von weitem hat er wie ein ganz normaler Baum gewirkt, wie am Foto. Man muss genauer schauen, um die Geschichte und M\u00fchen des Baumstammes einzutauchen. Er ist &#8222;geknickt&#8220;, umgefallen, gest\u00fcrzt, darniederliegend&#8220;. Waagrecht h\u00e4lt der Baum die kleine Distanz zum Moden. Jahrelang, wie man durch die darauf wachsende Baumkrone sehen kann. Ich schaue und bewundere diese Kraft des Stammes, der Wurzeln, die halten und doch keinen Muskelkater bekommen (haben). Es ist diese unglaubliche Reslienz, die ich immer wieder in der Natur entdecke, wenn der Mensch einfach wachsen l\u00e4sst. Da kam Gott sei Dank keine Motors\u00e4ge oder ein Traktor, der den Sturzpiloten Baum abges\u00e4gt oder ausgerissen h\u00e4tte. So bekomme ich ein ermutigendes Beispiel vor Augen gef\u00fchrt, welcher Lebenswille in der Natur steckt. Es ist eine tiefe Kraft, die der Sonne zustrebt, nach oben und immer wieder Fr\u00fcchte bringen m\u00f6chte. Sei es unter noch so widrigen Unst\u00e4nden. Wir kommen im Oktober mit der #Weltanschauen-Gruppe wieder und wir werden sehen, ob der Baum Fr\u00fcchte tr\u00e4gt. Wenn ja, Hut ab vor so einer Lebenskraft. Ansonsten schauen wir ihn gemeinsam an in seinem Lebenswillen, den er mir heute gezeigt hat.<\/p>\n<p><a href=\"https:\/\/www.kaineder.at\/wordpress\/wp-content\/uploads\/2021\/04\/2021-04-21-mittellandweg6-037-scaled.jpg\"><img loading=\"lazy\" decoding=\"async\" class=\"aligncenter size-medium wp-image-10048\" src=\"https:\/\/www.kaineder.at\/wordpress\/wp-content\/uploads\/2021\/04\/2021-04-21-mittellandweg6-037-300x225.jpg\" alt=\"Die f\u00fcnf Stelen vor dem Curhaus\" width=\"300\" height=\"225\" srcset=\"https:\/\/www.kaineder.at\/wordpress\/wp-content\/uploads\/2021\/04\/2021-04-21-mittellandweg6-037-300x225.jpg 300w, https:\/\/www.kaineder.at\/wordpress\/wp-content\/uploads\/2021\/04\/2021-04-21-mittellandweg6-037-1024x768.jpg 1024w, https:\/\/www.kaineder.at\/wordpress\/wp-content\/uploads\/2021\/04\/2021-04-21-mittellandweg6-037-150x113.jpg 150w, https:\/\/www.kaineder.at\/wordpress\/wp-content\/uploads\/2021\/04\/2021-04-21-mittellandweg6-037-768x576.jpg 768w, https:\/\/www.kaineder.at\/wordpress\/wp-content\/uploads\/2021\/04\/2021-04-21-mittellandweg6-037-1536x1152.jpg 1536w, https:\/\/www.kaineder.at\/wordpress\/wp-content\/uploads\/2021\/04\/2021-04-21-mittellandweg6-037-2048x1536.jpg 2048w, https:\/\/www.kaineder.at\/wordpress\/wp-content\/uploads\/2021\/04\/2021-04-21-mittellandweg6-037-750x563.jpg 750w\" sizes=\"auto, (max-width: 300px) 100vw, 300px\" \/><\/a><\/p>\n<h3>Die f\u00fcnf S\u00e4ulen<\/h3>\n<p>Wer nach Bad Kreuzen kommt, kommt unweigerlich bei den f\u00fcnf Stelen der Traditionell Europ\u00e4ischen Medizin vorbei. <a href=\"https:\/\/www.kaineder.at\/wordpress\/tag8-was-wuehlt-dich-denn-so-auf\/\" target=\"_blank\" rel=\"noopener\">TEM ist die Basis, der tragende Stamm im Curhaus<\/a>. 2015 durfte ich damals als Klimapilger die Idee n\u00e4her kennenlernen. Damals hat Sr. Christiane gemeint: \u201eWir gehen zur\u00fcck zu den alten Wurzeln der Medizin. Chemie hat so viele Nebenwirkungen, hilft nicht mehr. Wir wollen ins Einfache gehen. Aber im Heute. Und den ganzen Menschen sehen.\u201c Ich erinnere mich noch ganz genau. Das war echt bewegend. Im Herbst werden wir als Gruppe dem <a href=\"https:\/\/www.tem-zentrum.at\/standorte\/bad-kreuzen.html\" target=\"_blank\" rel=\"noopener\">Curhaus begegenen<\/a> und die verantwortlichen Menschen kennenlernen. Heute gehe ich vor\u00fcber und mache das Foto von den Stelen, die die Anker der Gesundheit des Menschen aus machen, seiner Lebenskr\u00e4fte flie\u00dfen l\u00e4sst und in der Bedrohung Heilung bringen. Viele Menschen haben sich dort wieder &#8222;neu aufgerichtet&#8220;, das Leben, obwohl es geknickt schien, neu wachsen lassen. &#8222;Bewegung&#8220;, &#8222;Heilpflanzen&#8220;, &#8222;Wasser&#8220;, &#8222;Ern\u00e4hrung&#8220; und &#8222;Ordnung&#8220; stehen zart auf den f\u00e4rbigen Stelen, die zum Markenzeichen geworden sind.\u00a0 Diese f\u00fcnf &#8222;Lebensfelder&#8220; bewusst zu kultivieren kann uns sicherlich auch in dieser Pandemie helfen, einzeln und gemeinsam.<\/p>\n<p><a href=\"https:\/\/www.kaineder.at\/wordpress\/wp-content\/uploads\/2021\/04\/2021-04-21-mittellandweg6-015-scaled.jpg\"><img loading=\"lazy\" decoding=\"async\" class=\"aligncenter size-medium wp-image-10049\" src=\"https:\/\/www.kaineder.at\/wordpress\/wp-content\/uploads\/2021\/04\/2021-04-21-mittellandweg6-015-300x225.jpg\" alt=\"Dankbar die Augenweide genie\u00dfen\" width=\"300\" height=\"225\" srcset=\"https:\/\/www.kaineder.at\/wordpress\/wp-content\/uploads\/2021\/04\/2021-04-21-mittellandweg6-015-300x225.jpg 300w, https:\/\/www.kaineder.at\/wordpress\/wp-content\/uploads\/2021\/04\/2021-04-21-mittellandweg6-015-1024x768.jpg 1024w, https:\/\/www.kaineder.at\/wordpress\/wp-content\/uploads\/2021\/04\/2021-04-21-mittellandweg6-015-150x113.jpg 150w, https:\/\/www.kaineder.at\/wordpress\/wp-content\/uploads\/2021\/04\/2021-04-21-mittellandweg6-015-768x576.jpg 768w, https:\/\/www.kaineder.at\/wordpress\/wp-content\/uploads\/2021\/04\/2021-04-21-mittellandweg6-015-1536x1152.jpg 1536w, https:\/\/www.kaineder.at\/wordpress\/wp-content\/uploads\/2021\/04\/2021-04-21-mittellandweg6-015-2048x1536.jpg 2048w, https:\/\/www.kaineder.at\/wordpress\/wp-content\/uploads\/2021\/04\/2021-04-21-mittellandweg6-015-750x563.jpg 750w\" sizes=\"auto, (max-width: 300px) 100vw, 300px\" \/><\/a><\/p>\n<h3>Raus aus den H\u00e4usern<\/h3>\n<p>Auch diese Wegstrecke ist f\u00fcr die Augen eine vielf\u00e4ltige &#8222;Weide&#8220;. Marterl, Kapellen und die Kirchen der Ortschaften zeugen von der dankbaren Haltung der Bev\u00f6lkerung. Hier hat der Mensch &#8211; so mein pers\u00f6nlicher Eindruck &#8211; eine recht gute Balance mit der Natur als Lebensbasis gefunden. Dazu merke ich, dass ganz wenige Menschen trotz sch\u00f6nem und auch wieder etwas milderem Wetter zu sehen sind. Erst in St. Thomas beantwortet mir ein etwas \u00e4lterer Herr von seiner Terasse aus meine Frage: &#8222;Ich sehe keine Leute?&#8220; Er: &#8222;Die verkriechen sich alle wegen Corona.&#8220; Dabei w\u00e4re es gerade in diesen Zeiten wichtig, in die Luft zu gehen, den Atem der Natur aufzunehmen und Gartenzaungespr\u00e4che zu f\u00fchren. Die &#8211; meist \u00e4lteren &#8211; Menschen drohen\u00a0 zu vereinsamen. &#8222;Raus aus den H\u00e4usern, raus aus den H\u00e4usern&#8220;, habe ich in der Wolfsschlucht lautstark singend improvisiert. Geh\u00f6rt hat es niemand, aber lesen k\u00f6nnt ihr es hier.<\/p>\n","protected":false},"excerpt":{"rendered":"<p>Mein Finale am sechsten Tag waren 25 Kilometer von Rechberg, St. Thomas am Blasenstein, Bad Kreuzen bis Grein. Der Zug bringt mich nach Linz, der Bus wieder ins Bergdorf. In den Morgenstunden nebelte es wie im Sp\u00e4therbst. Dann die Sonne, die meine Gesichtshaut verdunkelte. Der Badesee von Rechberg da, aber noch nicht einladend. Alles gut &hellip; <\/p>\n<p><a class=\"more-link btn\" href=\"https:\/\/www.kaineder.at\/wordpress\/resilienter-baum\/\">Weiterlesen<\/a><\/p>\n","protected":false},"author":1,"featured_media":0,"comment_status":"closed","ping_status":"open","sticky":false,"template":"","format":"standard","meta":{"footnotes":""},"categories":[13,4,16,36,10,1],"tags":[60,283,285,282,28],"class_list":["post-10044","post","type-post","status-publish","format-standard","hentry","category-gehen-pilgern","category-team-coaching","category-lokal-detektive","category-orden-kirchen","category-philosophie-theologie","category-allgemein","tag-gehen","tag-mittelland","tag-muehlviertel","tag-muehlviertler-mittellandweg","tag-pilgern","item-wrap"],"_links":{"self":[{"href":"https:\/\/www.kaineder.at\/wordpress\/wp-json\/wp\/v2\/posts\/10044","targetHints":{"allow":["GET"]}}],"collection":[{"href":"https:\/\/www.kaineder.at\/wordpress\/wp-json\/wp\/v2\/posts"}],"about":[{"href":"https:\/\/www.kaineder.at\/wordpress\/wp-json\/wp\/v2\/types\/post"}],"author":[{"embeddable":true,"href":"https:\/\/www.kaineder.at\/wordpress\/wp-json\/wp\/v2\/users\/1"}],"replies":[{"embeddable":true,"href":"https:\/\/www.kaineder.at\/wordpress\/wp-json\/wp\/v2\/comments?post=10044"}],"version-history":[{"count":6,"href":"https:\/\/www.kaineder.at\/wordpress\/wp-json\/wp\/v2\/posts\/10044\/revisions"}],"predecessor-version":[{"id":10053,"href":"https:\/\/www.kaineder.at\/wordpress\/wp-json\/wp\/v2\/posts\/10044\/revisions\/10053"}],"wp:attachment":[{"href":"https:\/\/www.kaineder.at\/wordpress\/wp-json\/wp\/v2\/media?parent=10044"}],"wp:term":[{"taxonomy":"category","embeddable":true,"href":"https:\/\/www.kaineder.at\/wordpress\/wp-json\/wp\/v2\/categories?post=10044"},{"taxonomy":"post_tag","embeddable":true,"href":"https:\/\/www.kaineder.at\/wordpress\/wp-json\/wp\/v2\/tags?post=10044"}],"curies":[{"name":"wp","href":"https:\/\/api.w.org\/{rel}","templated":true}]}}