{"id":10118,"date":"2021-05-16T06:53:31","date_gmt":"2021-05-16T05:53:31","guid":{"rendered":"https:\/\/www.kaineder.at\/wordpress\/?p=10118"},"modified":"2021-05-16T10:17:31","modified_gmt":"2021-05-16T09:17:31","slug":"was-gedenkt-ihr-zu-tun","status":"publish","type":"post","link":"https:\/\/www.kaineder.at\/wordpress\/was-gedenkt-ihr-zu-tun\/","title":{"rendered":"Was gedenkt ihr zu tun"},"content":{"rendered":"<p><a href=\"https:\/\/www.kaineder.at\/wordpress\/wp-content\/uploads\/2021\/05\/2021-05-15-ebensee3-023-scaled.jpg\"><img loading=\"lazy\" decoding=\"async\" class=\"aligncenter size-medium wp-image-10122\" src=\"https:\/\/www.kaineder.at\/wordpress\/wp-content\/uploads\/2021\/05\/2021-05-15-ebensee3-023-300x225.jpg\" alt=\"Friedensbanner \" width=\"300\" height=\"225\" srcset=\"https:\/\/www.kaineder.at\/wordpress\/wp-content\/uploads\/2021\/05\/2021-05-15-ebensee3-023-300x225.jpg 300w, https:\/\/www.kaineder.at\/wordpress\/wp-content\/uploads\/2021\/05\/2021-05-15-ebensee3-023-1024x768.jpg 1024w, https:\/\/www.kaineder.at\/wordpress\/wp-content\/uploads\/2021\/05\/2021-05-15-ebensee3-023-150x113.jpg 150w, https:\/\/www.kaineder.at\/wordpress\/wp-content\/uploads\/2021\/05\/2021-05-15-ebensee3-023-768x576.jpg 768w, https:\/\/www.kaineder.at\/wordpress\/wp-content\/uploads\/2021\/05\/2021-05-15-ebensee3-023-1536x1152.jpg 1536w, https:\/\/www.kaineder.at\/wordpress\/wp-content\/uploads\/2021\/05\/2021-05-15-ebensee3-023-2048x1536.jpg 2048w, https:\/\/www.kaineder.at\/wordpress\/wp-content\/uploads\/2021\/05\/2021-05-15-ebensee3-023-750x563.jpg 750w\" sizes=\"auto, (max-width: 300px) 100vw, 300px\" \/><\/a>Eigentlich eine Schande, denke ich \u00fcber mich selber. Noch nie war ich in der <a href=\"https:\/\/memorial-ebensee.at\/website\/index.php\/de\/start-gedenkstaette\" target=\"_blank\" rel=\"noopener\">Gedenkst\u00e4tte im KZ Ebensee-Roith<\/a>. Mit Bischof Maximilian Aichern bin ich schon in aller Fr\u00fche unterwegs. Don Mauro war der umtriebige, begnatete Pfarrer von Santa Lucia in Prato. <a href=\"https:\/\/www.dioezese-linz.at\/pfarre\/4061\/article\/179191.html\" target=\"_blank\" rel=\"noopener\">Er ist an Covid verstorben<\/a>. Zur Stunde, wo er in Italien begraben wurde, haben die Ebenseer eine Messe f\u00fcr ihn gefeiert. &#8222;Gib dem Frieden dein Gesicht&#8220; hat die &#8222;Gemellaggio&#8220; (Vergeschwisterung) von Ebensee und Prato verbunden. Es regnet, als wir vor der Kirche stehen.<\/p>\n<p><!--more--><\/p>\n<p>Schon auf der Fahrt habe ich vom Bischof begeistert erz\u00e4hlt bekommen, wer und was diese Partnerschaft von Prato und Ebensee begr\u00fcndet hat. Er selber war oftmals bei den Austauschtreffen dabei, in Ebensee, in Prato. Als Hitler in Italien gegen seinen ehemaligen Verb\u00fcndeten Mussolini vorgegangen ist, hat er in der Stadt Prato auch die Fabriken eingenommen, zu Waffenproduktionsst\u00e4tten umgemodelt, die Arbeiter nicht wie \u00fcblich entlohnt und die Arbeitszeit und -bedingungen verschlechtert. Die Arbeiter haben sich gewehrt und Arbeiter wurden erschossen. Viele andere hat man in das KZ Ebensee verfrachtet, wo sie unw\u00fcrdig zu Tode kamen. Einige haben \u00fcberlebt. Sie haben dieses Andenken bei Gedenkfeiern hochgehalten, als tr\u00f6stende Erinnerung und als Mahnung bis heute. Eine Freundschaft von Pratesen und Ebenseern hat sich entwickelt. Don Mauro war in seiner Arbeiterpfarre Santa Lucia daf\u00fcr ein Treiber, die Stadt Prato, die Gemeinde Ebensee, die Pfarren und Di\u00f6zesen haben sich schlie\u00dflich &#8222;in einer Vergeschwisterung&#8220; verb\u00fcndet. Seit 1988 gibt es regen Austausch. Der Bischof schildert die Erlebnisse bei den gegenseitigen Besuchen, den Fahrten, den gemeinsamen Ausfl\u00fcgen, wie Familien die G\u00e4ste gegenseitig aufgenommen haben, Jugendliche dort wie da einander besuchten. Die Fahrt bis Ebensee vergeht wie im Flug. &#8222;Und jetzt ist Don Mauro gestorben. Er wird uns allen sehr fehlen.&#8220;\u00a0 In der Kirche ist ein gro\u00dfes Bild aufgerichtet, ein guter Hirte steht neben dem Kelch, umgeben von der Stola. Daneben das Friedenszeichen dieser Freundschaft, ein Herz aus roten Rosen und andere Blumen am Boden. Ich stehe davor und ohne Dom Mauro pers\u00f6nlich zu kennen, sp\u00fcre ich, dass mich hier ein &#8222;Friedensstifter und Br\u00fcckenbauer&#8220; anschaut. Mit unerm\u00fcdlichem Eifer hat er Frieden, Freundschaft, Hilfe und Solidarit\u00e4t gestiftet, begr\u00fcndet in seiner Sicht auf das Evanglium. Wir alle nehmen Platz, feiern die Messe, h\u00f6ren die sch\u00f6ne Musik von der Empore herunter, die wertsch\u00e4tzende Predigt von Pfarrer Rockenschaub.<\/p>\n<p><a href=\"https:\/\/www.kaineder.at\/wordpress\/wp-content\/uploads\/2021\/05\/2021-05-15-ebensee3-027-scaled.jpg\"><img loading=\"lazy\" decoding=\"async\" class=\"aligncenter size-medium wp-image-10126\" src=\"https:\/\/www.kaineder.at\/wordpress\/wp-content\/uploads\/2021\/05\/2021-05-15-ebensee3-027-300x225.jpg\" alt=\"Bischof Aichern und Pfarrer Rockenschaub\" width=\"300\" height=\"225\" srcset=\"https:\/\/www.kaineder.at\/wordpress\/wp-content\/uploads\/2021\/05\/2021-05-15-ebensee3-027-300x225.jpg 300w, https:\/\/www.kaineder.at\/wordpress\/wp-content\/uploads\/2021\/05\/2021-05-15-ebensee3-027-1024x768.jpg 1024w, https:\/\/www.kaineder.at\/wordpress\/wp-content\/uploads\/2021\/05\/2021-05-15-ebensee3-027-150x113.jpg 150w, https:\/\/www.kaineder.at\/wordpress\/wp-content\/uploads\/2021\/05\/2021-05-15-ebensee3-027-768x576.jpg 768w, https:\/\/www.kaineder.at\/wordpress\/wp-content\/uploads\/2021\/05\/2021-05-15-ebensee3-027-1536x1152.jpg 1536w, https:\/\/www.kaineder.at\/wordpress\/wp-content\/uploads\/2021\/05\/2021-05-15-ebensee3-027-2048x1536.jpg 2048w, https:\/\/www.kaineder.at\/wordpress\/wp-content\/uploads\/2021\/05\/2021-05-15-ebensee3-027-750x563.jpg 750w\" sizes=\"auto, (max-width: 300px) 100vw, 300px\" \/><\/a><\/p>\n<h3>Und heute?<\/h3>\n<p>Bei der Fahrt hin\u00fcber nach Roith in das ehemalige Konzentrationslager regnet es wieder. &#8222;Hier sind die Busse gestanden, die Leute haben sich verabschiedet, sind sich um den Hals gefallen und wir haben gewunken.&#8220; Es ist zu sp\u00fcren, dass Bischof Aichern wirklich oft da war, um dieser Freundschaft seine Wertsch\u00e4tzung zu zeigen, selber mitzuwirken. Am Friedhof im KZ war eine wegen Covid19 kleine Gedenkstunde. Wir stehen alle da mit Schirmen \u00fcber unseren K\u00f6pfen. Viele \u00f6ffentlich bekannte Gesichter. Eine kleine Abordnung aus Polen legt einen Kranz nieder. Bei allen Ansprachen in aller K\u00fcrze wurde darauf verwiesen, dass die Katastrope nie gro\u00df beginnt, sondern ganz klein anf\u00e4ngt. &#8222;Wehret diesen Anf\u00e4ngen.&#8220; Junge Studierende lesen Biografien von \u00dcberlebenden vor, ebenso von Interviews mit Ebenseern, die man vor Jahren gemacht hat. Es schn\u00fcrt mir den Hals zu.\u00a0 Ein tiefes Fragezeichen krallt sich durch den Kopf, wozu der Mensch auf der einen Seite dem Menschen gegen\u00fcber f\u00e4hig ist an Brutalit\u00e4t und Verachtung und auf der anderen Seite der Hilflosigkeit ausgeliefert scheint. Meine Gedanken verlassen f\u00fcr einen Moment diesen Friedhof am KZ und gehen zu den <a href=\"https:\/\/mein.aufstehn.at\/petitions\/offener-brief-an-den-kanzler-zu-seiner-asylpolitik\" target=\"_blank\" rel=\"noopener\">Fl\u00fcchtenden heute, hin zum Domplatz<\/a>, wo wir in aller Fr\u00fche aufgebrochen sind und heute wieder Zelte aufgerichtet werden, in denen Menschen aus Solidarit\u00e4t \u00fcbernachten, um die Hartherzigkeit aufzuzeigen und aufzuweichen. Die Gedanken kommen wieder zur\u00fcck\u00a0 und meine Ohren h\u00f6ren an diesem Gedenkort eine Frage, die in mir h\u00e4ngen bleibt: Was gedenkt ihr zu tun?<\/p>\n<p>Ich nehme noch eine rote Nelke und lege sie auf die gro\u00dfe Steintafel der mahnenden Erinnerung. Auf der Heimfahrt gab es wieder viel zu erz\u00e4hlen. Ein Geschenk, mit so einem Menschen unterwegs zu sein.<\/p>\n<p><a href=\"https:\/\/www.kaineder.at\/wordpress\/wp-content\/uploads\/2021\/05\/2021-05-15-ebensee3-030-scaled.jpg\"><img loading=\"lazy\" decoding=\"async\" class=\"aligncenter size-medium wp-image-10127\" src=\"https:\/\/www.kaineder.at\/wordpress\/wp-content\/uploads\/2021\/05\/2021-05-15-ebensee3-030-300x225.jpg\" alt=\"Gedenken im KZ\" width=\"300\" height=\"225\" srcset=\"https:\/\/www.kaineder.at\/wordpress\/wp-content\/uploads\/2021\/05\/2021-05-15-ebensee3-030-300x225.jpg 300w, https:\/\/www.kaineder.at\/wordpress\/wp-content\/uploads\/2021\/05\/2021-05-15-ebensee3-030-1024x768.jpg 1024w, https:\/\/www.kaineder.at\/wordpress\/wp-content\/uploads\/2021\/05\/2021-05-15-ebensee3-030-150x113.jpg 150w, https:\/\/www.kaineder.at\/wordpress\/wp-content\/uploads\/2021\/05\/2021-05-15-ebensee3-030-768x576.jpg 768w, https:\/\/www.kaineder.at\/wordpress\/wp-content\/uploads\/2021\/05\/2021-05-15-ebensee3-030-1536x1152.jpg 1536w, https:\/\/www.kaineder.at\/wordpress\/wp-content\/uploads\/2021\/05\/2021-05-15-ebensee3-030-2048x1536.jpg 2048w, https:\/\/www.kaineder.at\/wordpress\/wp-content\/uploads\/2021\/05\/2021-05-15-ebensee3-030-750x563.jpg 750w\" sizes=\"auto, (max-width: 300px) 100vw, 300px\" \/><\/a><a href=\"https:\/\/www.kaineder.at\/wordpress\/wp-content\/uploads\/2021\/05\/2021-05-15-ebensee3-034-scaled.jpg\"><img loading=\"lazy\" decoding=\"async\" class=\"aligncenter size-medium wp-image-10128\" src=\"https:\/\/www.kaineder.at\/wordpress\/wp-content\/uploads\/2021\/05\/2021-05-15-ebensee3-034-300x225.jpg\" alt=\"Am Friedhof im KZ\" width=\"300\" height=\"225\" srcset=\"https:\/\/www.kaineder.at\/wordpress\/wp-content\/uploads\/2021\/05\/2021-05-15-ebensee3-034-300x225.jpg 300w, https:\/\/www.kaineder.at\/wordpress\/wp-content\/uploads\/2021\/05\/2021-05-15-ebensee3-034-1024x768.jpg 1024w, https:\/\/www.kaineder.at\/wordpress\/wp-content\/uploads\/2021\/05\/2021-05-15-ebensee3-034-150x113.jpg 150w, https:\/\/www.kaineder.at\/wordpress\/wp-content\/uploads\/2021\/05\/2021-05-15-ebensee3-034-768x576.jpg 768w, https:\/\/www.kaineder.at\/wordpress\/wp-content\/uploads\/2021\/05\/2021-05-15-ebensee3-034-1536x1152.jpg 1536w, https:\/\/www.kaineder.at\/wordpress\/wp-content\/uploads\/2021\/05\/2021-05-15-ebensee3-034-2048x1536.jpg 2048w, https:\/\/www.kaineder.at\/wordpress\/wp-content\/uploads\/2021\/05\/2021-05-15-ebensee3-034-750x563.jpg 750w\" sizes=\"auto, (max-width: 300px) 100vw, 300px\" \/><\/a><\/p>\n<p>&nbsp;<\/p>\n<p>&nbsp;<\/p>\n","protected":false},"excerpt":{"rendered":"<p>Eigentlich eine Schande, denke ich \u00fcber mich selber. Noch nie war ich in der Gedenkst\u00e4tte im KZ Ebensee-Roith. Mit Bischof Maximilian Aichern bin ich schon in aller Fr\u00fche unterwegs. Don Mauro war der umtriebige, begnatete Pfarrer von Santa Lucia in Prato. Er ist an Covid verstorben. Zur Stunde, wo er in Italien begraben wurde, haben &hellip; <\/p>\n<p><a class=\"more-link btn\" href=\"https:\/\/www.kaineder.at\/wordpress\/was-gedenkt-ihr-zu-tun\/\">Weiterlesen<\/a><\/p>\n","protected":false},"author":1,"featured_media":0,"comment_status":"closed","ping_status":"open","sticky":false,"template":"","format":"standard","meta":{"footnotes":""},"categories":[16,36,14,10,1],"tags":[299],"class_list":["post-10118","post","type-post","status-publish","format-standard","hentry","category-lokal-detektive","category-orden-kirchen","category-gemeinschaften-konnektive","category-philosophie-theologie","category-allgemein","tag-kz-ebensee-prato","item-wrap"],"_links":{"self":[{"href":"https:\/\/www.kaineder.at\/wordpress\/wp-json\/wp\/v2\/posts\/10118","targetHints":{"allow":["GET"]}}],"collection":[{"href":"https:\/\/www.kaineder.at\/wordpress\/wp-json\/wp\/v2\/posts"}],"about":[{"href":"https:\/\/www.kaineder.at\/wordpress\/wp-json\/wp\/v2\/types\/post"}],"author":[{"embeddable":true,"href":"https:\/\/www.kaineder.at\/wordpress\/wp-json\/wp\/v2\/users\/1"}],"replies":[{"embeddable":true,"href":"https:\/\/www.kaineder.at\/wordpress\/wp-json\/wp\/v2\/comments?post=10118"}],"version-history":[{"count":10,"href":"https:\/\/www.kaineder.at\/wordpress\/wp-json\/wp\/v2\/posts\/10118\/revisions"}],"predecessor-version":[{"id":10132,"href":"https:\/\/www.kaineder.at\/wordpress\/wp-json\/wp\/v2\/posts\/10118\/revisions\/10132"}],"wp:attachment":[{"href":"https:\/\/www.kaineder.at\/wordpress\/wp-json\/wp\/v2\/media?parent=10118"}],"wp:term":[{"taxonomy":"category","embeddable":true,"href":"https:\/\/www.kaineder.at\/wordpress\/wp-json\/wp\/v2\/categories?post=10118"},{"taxonomy":"post_tag","embeddable":true,"href":"https:\/\/www.kaineder.at\/wordpress\/wp-json\/wp\/v2\/tags?post=10118"}],"curies":[{"name":"wp","href":"https:\/\/api.w.org\/{rel}","templated":true}]}}