{"id":10729,"date":"2022-08-28T10:20:49","date_gmt":"2022-08-28T09:20:49","guid":{"rendered":"https:\/\/www.kaineder.at\/wordpress\/?p=10729"},"modified":"2022-08-28T10:21:20","modified_gmt":"2022-08-28T09:21:20","slug":"sieben-fragen-zu-meinem-engagement-bei-der-katholischen-aktion","status":"publish","type":"post","link":"https:\/\/www.kaineder.at\/wordpress\/sieben-fragen-zu-meinem-engagement-bei-der-katholischen-aktion\/","title":{"rendered":"Sieben Fragen zum Engagement bei der Katholischen Aktion"},"content":{"rendered":"<h3><a href=\"https:\/\/www.kaineder.at\/wordpress\/wp-content\/uploads\/2022\/08\/2022-08-24-totes_gebirge_fkaineder-028_kl.jpg\"><img loading=\"lazy\" decoding=\"async\" class=\"aligncenter size-medium wp-image-10731\" src=\"https:\/\/www.kaineder.at\/wordpress\/wp-content\/uploads\/2022\/08\/2022-08-24-totes_gebirge_fkaineder-028_kl-300x225.jpg\" alt=\"\" width=\"300\" height=\"225\" srcset=\"https:\/\/www.kaineder.at\/wordpress\/wp-content\/uploads\/2022\/08\/2022-08-24-totes_gebirge_fkaineder-028_kl-300x225.jpg 300w, https:\/\/www.kaineder.at\/wordpress\/wp-content\/uploads\/2022\/08\/2022-08-24-totes_gebirge_fkaineder-028_kl-1024x768.jpg 1024w, https:\/\/www.kaineder.at\/wordpress\/wp-content\/uploads\/2022\/08\/2022-08-24-totes_gebirge_fkaineder-028_kl-150x113.jpg 150w, https:\/\/www.kaineder.at\/wordpress\/wp-content\/uploads\/2022\/08\/2022-08-24-totes_gebirge_fkaineder-028_kl-768x576.jpg 768w, https:\/\/www.kaineder.at\/wordpress\/wp-content\/uploads\/2022\/08\/2022-08-24-totes_gebirge_fkaineder-028_kl-750x563.jpg 750w, https:\/\/www.kaineder.at\/wordpress\/wp-content\/uploads\/2022\/08\/2022-08-24-totes_gebirge_fkaineder-028_kl.jpg 1500w\" sizes=\"auto, (max-width: 300px) 100vw, 300px\" \/><\/a><\/h3>\n<h3>Was ist das wichtigste Thema f\u00fcr die KA in der Zukunft?<\/h3>\n<p>&#8222;Trefft euch neu&#8220; w\u00fcrde ich als besonderen Impuls bzw als anst\u00f6ssiges Thema ausgeben. Wie kann es gelingen, dass in den Gliederungen von den Kindern an bis zu den Arbeitnehmer:innen nicht nur die bisherigen Formate der Vergemeinschaftungen stattfinden, sondern neue Communities beginnen sich zu gr\u00fcnden, sich in ihrer Eigenart zu vernetzen und die r\u00e4umlichen Ressourcen der Pfarren und pastoralen Knotenpunkte neu &#8222;besetzen und beleben&#8220;.<\/p>\n<p><!--more--><\/p>\n<p>Der Einsatz f\u00fcr die Menschen inklusive. Dort soll es um die Themen der Menschen heute gehen, gerade auch um Ausgrenzung und die N\u00f6te, die sich aufgrund von Ungleichheiten auftun. Wie k\u00f6nnen wir den Zusammenhalt f\u00fcr alle schaffen? Was k\u00f6nnen wir tun, um entlang von Musik, B\u00fchne, Bewegung und Sozialem das Mitmachen neu zu erm\u00f6glichen? Dabei geht es nicht um &#8222;theoretische Herausforderungen&#8220;, sondern um ganz praktische, fast nachbarschaftliche Aktivit\u00e4ten. Und: Lasst euch dabei von niemandem bremsen. Habt Mut. Besetzt damit die Pfarrzentren und R\u00e4ume der Kirche. Sie geh\u00f6ren uns alle miteinander.<\/p>\n<h3>Was bedeutet es, wenn die KA \u201eErfolg\u201c hat?<\/h3>\n<p>Wenn Menschen ganz konkret aufgerichtet, hereingenommen und zu mehr Lebensqualit\u00e4t gef\u00fchrt werden. Die KA-Welten werden nicht verwaltet, sondern einfach lebendig gestaltet, pers\u00f6nlich und unkompliziert. Wenn beispielsweise bei uns ein Email kommt, wo jemand das schreibt, sind wir schon sehr weit gekommen: &#8222;Ich bin noch ganz beseelt von den vielen Eindr\u00fccken dieses besonderen &#8218;Ereignisses&#8216;. Es war wieder ein einzigartiges Erlebnis!!! Nochmals DANKE f\u00fcr die gute Organisation, eure Begleitung und die wertvollen Gespr\u00e4che! &#8220; Das Leben aufbl\u00fchen erleben. Beziehung heilt als K\u00f6nigsdisziplin. Da sind mir Zahlen und Umfragen ziemlich egal.<\/p>\n<h3>Wof\u00fcr sind Sie dankbar?<\/h3>\n<p>F\u00fcr ganz vieles in meinem Leben. Paradoxerweise vor allem auch f\u00fcr die Niederlagen, die Quersch\u00fcsse, die Widerst\u00e4nde und das Hinausgesetzt werden. Dort, wo das Leben gedr\u00fcckt und maltr\u00e4tiert wird, dort wird es am st\u00e4rksten. Das klingt paradox, widersinnig, ist aber meine Erfahrung. Ein Fu\u00df bricht nie mehr an derselben Stelle. Nat\u00fcrlich f\u00fcr die vielen Gemeinschaftserlebnisse in der Natur, das gemeinsame Singen, das Gehen und Pilgern. Und: Die ganze Familie mit den drei Enkelkindern. Danke.<\/p>\n<h3>Was stimmt Sie f\u00fcr die Zukunft zuversichtlich?<\/h3>\n<p>Die jungen Menschen, die sich in meiner Umgebung f\u00fcr so vieles engagieren. Wir \u00c4lteren m\u00fcssen uns ganz wesentlich zur\u00fccknehmen und die Lebenswelt und die Vorhaben der Jungen &#8222;annehmen und aufnehmen&#8220;. Wir d\u00fcrfen nicht einfach weitermachen wie bisher. Wir haben kein Recht, so zu leben und wir haben uns auch nichts &#8222;verdient&#8220;. Vor allem wir \u00c4ltere m\u00fcssen unseren Lebensstil \u00e4ndern auf &#8222;sozial-\u00f6kologisch-spirituell&#8220;. #LaudatoSi. Viele von den Jungen leben diese jesuanisch-christliche Lebensform, viele au\u00dferhalb und ohne Kirche, weil sie die Kirche darin als in sich inkonsequent erleben. Sie ist ihnen in ihrer K\u00f6rpersprache fremd geworden. Sie finden dort zu viel Selbstbesch\u00e4ftigung. Aber sie leben das, was das Evangelium uns vorschl\u00e4gt: Einfach gemeinsam wach leben.<\/p>\n<h3>Was bereitet Ihnen Sorgen?<\/h3>\n<p>Die vielen Totgegenden im Netz der KA und der Gliederungen. Es gibt viele Priester, die bewusst gegen die KA und die Gliederungen wirken oder sie einfach links liegen lassen, obwohl es die offizielle Laienbewegung der Kirche ist. Die massive \u00dcberalterung und die allseites praktizierte Klerusabh\u00e4ngigkeit als Selbstverst\u00e4ndlichkeit, obwohl sie nicht zukunftsf\u00e4hig ist. Junge Menschen sehen ihr Engagement in anderen Feldern besser aufgehoben und gef\u00f6rdert als in kirchlichen Milieus, in den Pfarren beispielsweise. Jene Art von m\u00e4nnlichem Klerus, der sich in Selbstzufriedenheit oder Selbstmitleid ergeht. Die KA internen Rangeleien, die das Gemeinsame aus den Augen verloren haben. Wir stehen f\u00fcr die gr\u00f6\u00dfte gemeinsame Vielfalt und das Netz der KA\u00d6. Diese Sichtweise f\u00e4llt einigen schwer. Die hierarchisch-geordnete Kirche hat sich in den Hirnen und Herzen eingefurcht. Dabei hat Jesus in seiner Zeit genau damit seine Schwierigkeiten gehabt.<\/p>\n<h3>Was ist Ihr Wunsch an die KA \u00d6sterreich?<\/h3>\n<p>Das ist der Wunsch an mich, an uns selber. Jede Organisation lebt vom Freiraum f\u00fcr das, was begeisterte und begnadete Menschen verwirklichen wollen. Wir sehen die KA als Netz f\u00fcr Vergemeinschaftungen, f\u00fcr Anwaltschaft und Avantgard f\u00fcr &#8222;neue kirchliche Pr\u00e4senzen&#8220;. Die KA war in ihrer Vielfalt immer innovativ, hat viele Felder der Pastoral zuerst gesehen und als Aufgabe der Kirche wahrgenommen. Ich w\u00fcnsche mir, dass wir wieder mehr Musik miteinander machen, singen und musizieren, dass wir die B\u00fchne als besonderes Lernfeld f\u00fcr Leben sehen (Amateurtheater, Ministrieren), wieder wesentlich mehr in Bewegung kommen (Pilgern) und vor allem in sozialen Engagements unsere Leidenschaft ausleben. Ich m\u00f6chte nicht, dass die KA und ihre Gliederungen im religi\u00f6sen Ghetto landen. Verk\u00fcnde das Evangelium, wenn n\u00f6tig, nimm Worte dazu.<\/p>\n<h3>Was ist Ihre pers\u00f6nliche Geschichte im Zusammenhang mit der KA?<\/h3>\n<p>Ich war Ministrant mit einem Fu\u00dfweg von fast einer Stunde in die Kirche, im Winter im Finsteren. In den Jugendjahren habe ich ganz wesentlich das Bergdorf mitgepr\u00e4gt durch eine pointierte KJ-Gruppe im Ort. Immer haben mich die KA-Gliederungen auch im beruflichen Alltag sp\u00e4ter begleitet. Vor zwei Jahren &#8211; also noch vor der KA\u00d6-Pr\u00e4sidentschaft &#8211; wurde ich Mitglied des KMB-Di\u00f6zesanausschusses in Ober\u00f6sterreich und das bis heute. Ich sehe die KA als &#8222;buttom up&#8220; in der Kirche gegen\u00fcber allem, was an Strukturprozess &#8222;top down&#8220; gerade gestaltet wird. Die Kirche wird als Getauften-Kirche in die Zukunft gehen oder zur klerusbezogenen Minderheit schrumpfen. Mein ehrenamtliches Engagement gilt der Getauften-Kirche in ihrer ganzen Vielfalt. Die KA wird hoffentlich ein lebendiger Teil davon sein.<\/p>\n<p><a href=\"https:\/\/www.kaoe.at\/pages\/kaoe\/home\" target=\"_blank\" rel=\"noopener\">Katholische Aktion \u00d6sterreich #kaoe<\/a><\/p>\n","protected":false},"excerpt":{"rendered":"<p>Was ist das wichtigste Thema f\u00fcr die KA in der Zukunft? &#8222;Trefft euch neu&#8220; w\u00fcrde ich als besonderen Impuls bzw als anst\u00f6ssiges Thema ausgeben. Wie kann es gelingen, dass in den Gliederungen von den Kindern an bis zu den Arbeitnehmer:innen nicht nur die bisherigen Formate der Vergemeinschaftungen stattfinden, sondern neue Communities beginnen sich zu gr\u00fcnden, &hellip; <\/p>\n<p><a class=\"more-link btn\" href=\"https:\/\/www.kaineder.at\/wordpress\/sieben-fragen-zu-meinem-engagement-bei-der-katholischen-aktion\/\">Weiterlesen<\/a><\/p>\n","protected":false},"author":1,"featured_media":0,"comment_status":"closed","ping_status":"open","sticky":false,"template":"","format":"standard","meta":{"footnotes":""},"categories":[4,15,36,14,10,1,333],"tags":[],"class_list":["post-10729","post","type-post","status-publish","format-standard","hentry","category-team-coaching","category-zukunfstbilder","category-orden-kirchen","category-gemeinschaften-konnektive","category-philosophie-theologie","category-allgemein","category-katholische-aktion","item-wrap"],"_links":{"self":[{"href":"https:\/\/www.kaineder.at\/wordpress\/wp-json\/wp\/v2\/posts\/10729","targetHints":{"allow":["GET"]}}],"collection":[{"href":"https:\/\/www.kaineder.at\/wordpress\/wp-json\/wp\/v2\/posts"}],"about":[{"href":"https:\/\/www.kaineder.at\/wordpress\/wp-json\/wp\/v2\/types\/post"}],"author":[{"embeddable":true,"href":"https:\/\/www.kaineder.at\/wordpress\/wp-json\/wp\/v2\/users\/1"}],"replies":[{"embeddable":true,"href":"https:\/\/www.kaineder.at\/wordpress\/wp-json\/wp\/v2\/comments?post=10729"}],"version-history":[{"count":3,"href":"https:\/\/www.kaineder.at\/wordpress\/wp-json\/wp\/v2\/posts\/10729\/revisions"}],"predecessor-version":[{"id":10733,"href":"https:\/\/www.kaineder.at\/wordpress\/wp-json\/wp\/v2\/posts\/10729\/revisions\/10733"}],"wp:attachment":[{"href":"https:\/\/www.kaineder.at\/wordpress\/wp-json\/wp\/v2\/media?parent=10729"}],"wp:term":[{"taxonomy":"category","embeddable":true,"href":"https:\/\/www.kaineder.at\/wordpress\/wp-json\/wp\/v2\/categories?post=10729"},{"taxonomy":"post_tag","embeddable":true,"href":"https:\/\/www.kaineder.at\/wordpress\/wp-json\/wp\/v2\/tags?post=10729"}],"curies":[{"name":"wp","href":"https:\/\/api.w.org\/{rel}","templated":true}]}}