{"id":10901,"date":"2023-03-26T15:49:06","date_gmt":"2023-03-26T14:49:06","guid":{"rendered":"https:\/\/www.kaineder.at\/wordpress\/?p=10901"},"modified":"2023-03-26T15:53:58","modified_gmt":"2023-03-26T14:53:58","slug":"oesterreichs-katholikinnen-und-katholiken-wollen-reformen","status":"publish","type":"post","link":"https:\/\/www.kaineder.at\/wordpress\/oesterreichs-katholikinnen-und-katholiken-wollen-reformen\/","title":{"rendered":"\u00d6sterreichs Katholikinnen und Katholiken wollen Reformen"},"content":{"rendered":"<p><a href=\"https:\/\/www.kaineder.at\/wordpress\/wp-content\/uploads\/2023\/03\/zzhimmelklar.jpg\"><img loading=\"lazy\" decoding=\"async\" class=\"aligncenter size-medium wp-image-10902\" src=\"https:\/\/www.kaineder.at\/wordpress\/wp-content\/uploads\/2023\/03\/zzhimmelklar-300x144.jpg\" alt=\"\" width=\"300\" height=\"144\" srcset=\"https:\/\/www.kaineder.at\/wordpress\/wp-content\/uploads\/2023\/03\/zzhimmelklar-300x144.jpg 300w, https:\/\/www.kaineder.at\/wordpress\/wp-content\/uploads\/2023\/03\/zzhimmelklar-1024x491.jpg 1024w, https:\/\/www.kaineder.at\/wordpress\/wp-content\/uploads\/2023\/03\/zzhimmelklar-150x72.jpg 150w, https:\/\/www.kaineder.at\/wordpress\/wp-content\/uploads\/2023\/03\/zzhimmelklar-768x368.jpg 768w, https:\/\/www.kaineder.at\/wordpress\/wp-content\/uploads\/2023\/03\/zzhimmelklar-1536x736.jpg 1536w, https:\/\/www.kaineder.at\/wordpress\/wp-content\/uploads\/2023\/03\/zzhimmelklar-750x359.jpg 750w, https:\/\/www.kaineder.at\/wordpress\/wp-content\/uploads\/2023\/03\/zzhimmelklar.jpg 1713w\" sizes=\"auto, (max-width: 300px) 100vw, 300px\" \/><\/a>&#8222;Deutschland hat das <a href=\"https:\/\/www.zdk.de\/\" target=\"_blank\" rel=\"noopener\">ZdK<\/a>, \u00d6sterreich die <a href=\"https:\/\/www.kaoe.at\/pages\/kaoe\/home\" target=\"_blank\" rel=\"noopener\">Katholische Aktion<\/a>. Deren Pr\u00e4sident blickt mit ein wenig Neid auf sein Nachbarland. Auch die Laien in \u00d6sterreich w\u00fcnschen sich Ver\u00e4nderungen, unter anderem bei der Rolle der Frau oder der Berufung von Bisch\u00f6fen.&#8220;\u00a0 So wird der Podcast-Beitrag auf Domradio K\u00f6ln und <a href=\"https:\/\/katholisch.de\/startseite\" target=\"_blank\" rel=\"noopener\">katholisch.de\u00a0<\/a>eingeleitet.<\/p>\n<p><!--more--><\/p>\n<p>Der <a href=\"https:\/\/himmelklar.podigee.io\/191-ferdinand-kaineder\" target=\"_blank\" rel=\"noopener\"><span style=\"color: #ff9900;\">direkte Link zum Podcastbeitrag,<\/span><\/a> der genauso auf allen Kan\u00e4len wie Spotify leicht zu finden ist.<\/p>\n","protected":false},"excerpt":{"rendered":"<p>&#8222;Deutschland hat das ZdK, \u00d6sterreich die Katholische Aktion. Deren Pr\u00e4sident blickt mit ein wenig Neid auf sein Nachbarland. Auch die Laien in \u00d6sterreich w\u00fcnschen sich Ver\u00e4nderungen, unter anderem bei der Rolle der Frau oder der Berufung von Bisch\u00f6fen.&#8220;\u00a0 So wird der Podcast-Beitrag auf Domradio K\u00f6ln und katholisch.de\u00a0eingeleitet.<\/p><p><a class=\"more-link btn\" href=\"https:\/\/www.kaineder.at\/wordpress\/oesterreichs-katholikinnen-und-katholiken-wollen-reformen\/\">Weiterlesen<\/a><\/p>\n","protected":false},"author":1,"featured_media":0,"comment_status":"closed","ping_status":"open","sticky":false,"template":"","format":"standard","meta":{"footnotes":""},"categories":[16,12,11,36,14,10,333],"tags":[],"class_list":["post-10901","post","type-post","status-publish","format-standard","hentry","category-lokal-detektive","category-social-media","category-kommunikation-lotsen","category-orden-kirchen","category-gemeinschaften-konnektive","category-philosophie-theologie","category-katholische-aktion","item-wrap"],"_links":{"self":[{"href":"https:\/\/www.kaineder.at\/wordpress\/wp-json\/wp\/v2\/posts\/10901","targetHints":{"allow":["GET"]}}],"collection":[{"href":"https:\/\/www.kaineder.at\/wordpress\/wp-json\/wp\/v2\/posts"}],"about":[{"href":"https:\/\/www.kaineder.at\/wordpress\/wp-json\/wp\/v2\/types\/post"}],"author":[{"embeddable":true,"href":"https:\/\/www.kaineder.at\/wordpress\/wp-json\/wp\/v2\/users\/1"}],"replies":[{"embeddable":true,"href":"https:\/\/www.kaineder.at\/wordpress\/wp-json\/wp\/v2\/comments?post=10901"}],"version-history":[{"count":4,"href":"https:\/\/www.kaineder.at\/wordpress\/wp-json\/wp\/v2\/posts\/10901\/revisions"}],"predecessor-version":[{"id":10906,"href":"https:\/\/www.kaineder.at\/wordpress\/wp-json\/wp\/v2\/posts\/10901\/revisions\/10906"}],"wp:attachment":[{"href":"https:\/\/www.kaineder.at\/wordpress\/wp-json\/wp\/v2\/media?parent=10901"}],"wp:term":[{"taxonomy":"category","embeddable":true,"href":"https:\/\/www.kaineder.at\/wordpress\/wp-json\/wp\/v2\/categories?post=10901"},{"taxonomy":"post_tag","embeddable":true,"href":"https:\/\/www.kaineder.at\/wordpress\/wp-json\/wp\/v2\/tags?post=10901"}],"curies":[{"name":"wp","href":"https:\/\/api.w.org\/{rel}","templated":true}]}}