{"id":11088,"date":"2023-12-22T20:44:26","date_gmt":"2023-12-22T19:44:26","guid":{"rendered":"https:\/\/www.kaineder.at\/wordpress\/?p=11088"},"modified":"2023-12-22T20:50:25","modified_gmt":"2023-12-22T19:50:25","slug":"die-mitte-ein-kind","status":"publish","type":"post","link":"https:\/\/www.kaineder.at\/wordpress\/die-mitte-ein-kind\/","title":{"rendered":"Die Mitte ein Kind"},"content":{"rendered":"<p><a href=\"https:\/\/www.kaineder.at\/wordpress\/wp-content\/uploads\/2023\/12\/2023-12-22-jueiwe-003_kl.jpg\"><img loading=\"lazy\" decoding=\"async\" class=\"aligncenter size-medium wp-image-11090\" src=\"https:\/\/www.kaineder.at\/wordpress\/wp-content\/uploads\/2023\/12\/2023-12-22-jueiwe-003_kl-300x225.jpg\" alt=\"\" width=\"300\" height=\"225\" srcset=\"https:\/\/www.kaineder.at\/wordpress\/wp-content\/uploads\/2023\/12\/2023-12-22-jueiwe-003_kl-300x225.jpg 300w, https:\/\/www.kaineder.at\/wordpress\/wp-content\/uploads\/2023\/12\/2023-12-22-jueiwe-003_kl-150x113.jpg 150w, https:\/\/www.kaineder.at\/wordpress\/wp-content\/uploads\/2023\/12\/2023-12-22-jueiwe-003_kl-768x576.jpg 768w, https:\/\/www.kaineder.at\/wordpress\/wp-content\/uploads\/2023\/12\/2023-12-22-jueiwe-003_kl-750x563.jpg 750w, https:\/\/www.kaineder.at\/wordpress\/wp-content\/uploads\/2023\/12\/2023-12-22-jueiwe-003_kl.jpg 1000w\" sizes=\"auto, (max-width: 300px) 100vw, 300px\" \/><\/a><\/p>\n<p>Die Mitte der Welt ist ein Stall, ein Futtertrog, ein Kind darin. Das ist eine wagemutige Behauptung, die so gar nicht dem Erscheinungsbild dieser Welt heute entspricht. Da haben sich ganz andere Dinge breit gemacht, als Mittelpunkt der Welt in Szene gesetzt, behauptet, eingerichtet. Nennen wir sie nicht, um ihnen keine Bedeutung zu geben. Krieg und Ungerechtigkeit, Ausbeutung und immerw\u00e4hrendes Wachstum ist ihre Triebfeder und Wirkung, Selbstbesch\u00e4digung inklusive. Wer nicht f\u00e4hig ist, den Blick zu weiten, k\u00f6nnte verzweifeln, in Zynismus und &#8222;eh wurscht&#8220;-Haltung abtriften.<\/p>\n<p>Wir sp\u00fcren allerdings eine tiefe Sehnsucht, die sich dieser Tage bei den meisten Menschen breit macht. Da ist etwas ganz anderes. Da kommt uns doch dieses Kind in der Krippe entgegen, damals wie heute. Das Kind dr\u00e4ngt allerdings nicht in die Mitte, sondern macht einen Raum auf, ganz drau\u00dfen, <a href=\"https:\/\/www.kaoe.at\/artikel\/146480\/weihnachten-ist-in-wirklichkeit-weit-draussen\" target=\"_blank\" rel=\"noopener\">ganz weit drau\u00dfen<\/a>, weil in der Mitte drinnen kein Platz war. Das Kind drau\u00dfen ist umgeben von der Solidarit\u00e4t derer, deren Lebenswelt das Drau\u00dfen ist, den Hirten, ja, den Tieren. Selbst die k\u00f6nigliche Macht sp\u00fcrt den Magnetismus dieses friedlichen und solidarischen Drau\u00dfen und bricht auf, hinaus zum Kind. Die einen mit Milch, Brot und Honig, die anderen mit Gold, Weihrauch und Myrrhe.<\/p>\n<p>Wer sich sensibel gehalten hat in diesen gereizten konsumgetr\u00e4nkten Tagen, wird das tiefe Geheimnis des Lebens kommen h\u00f6ren. In der Stille, im Lauschen, im Zusammenschwingen. Das Leben, ja, das Leben kommt uns im Kind entgegen, zeigt sein Gesicht und l\u00e4sst uns hoffen, auf Liebe, Gerechtigkeit und Frieden. Klingt pathetisch, ist von diesem Leben, diesem Kind ganz konkret gemeint.<\/p>\n<p>Tiefe und Frohe Weihnachten!<br \/>\n<em>ferdinand<\/em><\/p>\n<p>&nbsp;<\/p>\n","protected":false},"excerpt":{"rendered":"<p>Die Mitte der Welt ist ein Stall, ein Futtertrog, ein Kind darin. Das ist eine wagemutige Behauptung, die so gar nicht dem Erscheinungsbild dieser Welt heute entspricht. Da haben sich ganz andere Dinge breit gemacht, als Mittelpunkt der Welt in Szene gesetzt, behauptet, eingerichtet. Nennen wir sie nicht, um ihnen keine Bedeutung zu geben. Krieg &hellip; <\/p>\n<p><a class=\"more-link btn\" href=\"https:\/\/www.kaineder.at\/wordpress\/die-mitte-ein-kind\/\">Weiterlesen<\/a><\/p>\n","protected":false},"author":1,"featured_media":0,"comment_status":"closed","ping_status":"open","sticky":false,"template":"","format":"standard","meta":{"footnotes":""},"categories":[13,4,16,15,12,11,36,14,10,1,9,333],"tags":[338],"class_list":["post-11088","post","type-post","status-publish","format-standard","hentry","category-gehen-pilgern","category-team-coaching","category-lokal-detektive","category-zukunfstbilder","category-social-media","category-kommunikation-lotsen","category-orden-kirchen","category-gemeinschaften-konnektive","category-philosophie-theologie","category-allgemein","category-uncategorized","category-katholische-aktion","tag-weihnachten","item-wrap"],"_links":{"self":[{"href":"https:\/\/www.kaineder.at\/wordpress\/wp-json\/wp\/v2\/posts\/11088","targetHints":{"allow":["GET"]}}],"collection":[{"href":"https:\/\/www.kaineder.at\/wordpress\/wp-json\/wp\/v2\/posts"}],"about":[{"href":"https:\/\/www.kaineder.at\/wordpress\/wp-json\/wp\/v2\/types\/post"}],"author":[{"embeddable":true,"href":"https:\/\/www.kaineder.at\/wordpress\/wp-json\/wp\/v2\/users\/1"}],"replies":[{"embeddable":true,"href":"https:\/\/www.kaineder.at\/wordpress\/wp-json\/wp\/v2\/comments?post=11088"}],"version-history":[{"count":5,"href":"https:\/\/www.kaineder.at\/wordpress\/wp-json\/wp\/v2\/posts\/11088\/revisions"}],"predecessor-version":[{"id":11094,"href":"https:\/\/www.kaineder.at\/wordpress\/wp-json\/wp\/v2\/posts\/11088\/revisions\/11094"}],"wp:attachment":[{"href":"https:\/\/www.kaineder.at\/wordpress\/wp-json\/wp\/v2\/media?parent=11088"}],"wp:term":[{"taxonomy":"category","embeddable":true,"href":"https:\/\/www.kaineder.at\/wordpress\/wp-json\/wp\/v2\/categories?post=11088"},{"taxonomy":"post_tag","embeddable":true,"href":"https:\/\/www.kaineder.at\/wordpress\/wp-json\/wp\/v2\/tags?post=11088"}],"curies":[{"name":"wp","href":"https:\/\/api.w.org\/{rel}","templated":true}]}}