{"id":1217,"date":"2011-02-18T18:50:25","date_gmt":"2011-02-18T17:50:25","guid":{"rendered":"http:\/\/kaineder.wordpress.com\/?p=1217"},"modified":"2018-01-04T07:01:07","modified_gmt":"2018-01-04T06:01:07","slug":"mein-social-media-vortrag-auf-bildungs-tv-wieviele-freunde-haben-sie","status":"publish","type":"post","link":"https:\/\/www.kaineder.at\/wordpress\/mein-social-media-vortrag-auf-bildungs-tv-wieviele-freunde-haben-sie\/","title":{"rendered":"Mein Social Media Vortrag &#8222;Facebook, Twitter, Blog und Co&#8220; auf bildungs.tv"},"content":{"rendered":"<p><a href=\"http:\/\/kaineder.files.wordpress.com\/2011\/02\/bildungs-tv.jpg\"><img loading=\"lazy\" decoding=\"async\" class=\"alignright size-thumbnail wp-image-1223\" title=\"bildungs.tv\" src=\"http:\/\/kaineder.files.wordpress.com\/2011\/02\/bildungs-tv.jpg?w=150\" alt=\"\" width=\"150\" height=\"120\" \/><\/a>Mein Vortrag &#8222;Facebook, Twitter, Blog und Co&#8220; wird auf <a href=\"http:\/\/www.bildungs.tv\">www.bildungs.tv<\/a> so vorgestellt:<\/p>\n<p>Sind Sie auf Facebook registriert &#8211; wenn ja, wieviele Freunde haben Sie? Im Zeitalter von Social Media haben die Begriffe &#8222;Freunde&#8220; und &#8222;Privatsph\u00e4re&#8220; eine neue Bedeutung erhalten, denn in der virtuellen Welt ist vieles anders als im realen Leben. Das sind vielleicht Gr\u00fcnde, weshalb manche eine gewisse Scheu gegen\u00fcber diesen Medien haben. Andere Gr\u00fcnde sind die vielen Gefahren des Web 2.0: der Datenhandel, soziale Medien sind Zeitfresser, das &#8222;Vergessen&#8220; der Natur und vieles mehr.<br \/>\nDoch neben diesen negativen Aspekten, gibt es auch viele positive Eigenschaften. Einerseits erm\u00f6glichen Soziale Netzwerke die weltweite Vernetzung mit Freunden und Verwandten, andererseits sind sie barrierefrei, billig, schnell und speziell usergeneriert. Im Vortrag &#8222;Facebook, Twitter, Blog und Co &#8211; Wie mit neuen Medien umgegangen werden kann&#8220; versucht Ferdinand Kaineder, Menschen die Ber\u00fchrungs\u00e4ngste zu nehmen. Und wer wei\u00df, vielleicht werden auch Sie noch zum Facebooker oder Blogger.<\/p>\n<p>Hier kann der Vortrag angesehen werden:<\/p>\n<p><a href=\"http:\/\/www.bildungs.tv\/news\/allgemein\/2661\/wieviele-freunde-haben-sie\">http:\/\/www.bildungs.tv\/news\/allgemein\/2661\/wieviele-freunde-haben-sie<\/a><\/p>\n<p><a href=\"http:\/\/www.bildungs.tv\/bildungsthemen\/vortraege\/2662\/umgang_mit_neuen_medien\">http:\/\/www.bildungs.tv\/bildungsthemen\/vortraege\/2662\/umgang_mit_neuen_medien<\/a><\/p>\n","protected":false},"excerpt":{"rendered":"<p>Mein Vortrag &#8222;Facebook, Twitter, Blog und Co&#8220; wird auf www.bildungs.tv so vorgestellt: Sind Sie auf Facebook registriert &#8211; wenn ja, wieviele Freunde haben Sie? Im Zeitalter von Social Media haben die Begriffe &#8222;Freunde&#8220; und &#8222;Privatsph\u00e4re&#8220; eine neue Bedeutung erhalten, denn in der virtuellen Welt ist vieles anders als im realen Leben. Das sind vielleicht Gr\u00fcnde, &hellip; <\/p>\n<p><a class=\"more-link btn\" href=\"https:\/\/www.kaineder.at\/wordpress\/mein-social-media-vortrag-auf-bildungs-tv-wieviele-freunde-haben-sie\/\">Weiterlesen<\/a><\/p>\n","protected":false},"author":1,"featured_media":0,"comment_status":"closed","ping_status":"open","sticky":false,"template":"","format":"standard","meta":{"footnotes":""},"categories":[12],"tags":[],"class_list":["post-1217","post","type-post","status-publish","format-standard","hentry","category-social-media","item-wrap"],"_links":{"self":[{"href":"https:\/\/www.kaineder.at\/wordpress\/wp-json\/wp\/v2\/posts\/1217","targetHints":{"allow":["GET"]}}],"collection":[{"href":"https:\/\/www.kaineder.at\/wordpress\/wp-json\/wp\/v2\/posts"}],"about":[{"href":"https:\/\/www.kaineder.at\/wordpress\/wp-json\/wp\/v2\/types\/post"}],"author":[{"embeddable":true,"href":"https:\/\/www.kaineder.at\/wordpress\/wp-json\/wp\/v2\/users\/1"}],"replies":[{"embeddable":true,"href":"https:\/\/www.kaineder.at\/wordpress\/wp-json\/wp\/v2\/comments?post=1217"}],"version-history":[{"count":1,"href":"https:\/\/www.kaineder.at\/wordpress\/wp-json\/wp\/v2\/posts\/1217\/revisions"}],"predecessor-version":[{"id":2203,"href":"https:\/\/www.kaineder.at\/wordpress\/wp-json\/wp\/v2\/posts\/1217\/revisions\/2203"}],"wp:attachment":[{"href":"https:\/\/www.kaineder.at\/wordpress\/wp-json\/wp\/v2\/media?parent=1217"}],"wp:term":[{"taxonomy":"category","embeddable":true,"href":"https:\/\/www.kaineder.at\/wordpress\/wp-json\/wp\/v2\/categories?post=1217"},{"taxonomy":"post_tag","embeddable":true,"href":"https:\/\/www.kaineder.at\/wordpress\/wp-json\/wp\/v2\/tags?post=1217"}],"curies":[{"name":"wp","href":"https:\/\/api.w.org\/{rel}","templated":true}]}}