{"id":1617,"date":"2011-09-12T08:04:51","date_gmt":"2011-09-12T07:04:51","guid":{"rendered":"http:\/\/kaineder.wordpress.com\/?p=1617"},"modified":"2018-01-04T06:58:09","modified_gmt":"2018-01-04T05:58:09","slug":"wo-liegt-das-versaumnis-und-wer-ist-da-ewig-gestrig","status":"publish","type":"post","link":"https:\/\/www.kaineder.at\/wordpress\/wo-liegt-das-versaumnis-und-wer-ist-da-ewig-gestrig\/","title":{"rendered":"Wo liegt das Vers\u00e4umnis und wer ist da ewig gestrig?"},"content":{"rendered":"<p>Wer P. Theobald aus Ottensheim kennt, seine frohe und humorvolle Art, mit dem Fahrrad unterwegs bei den Menschen, der wird die Dichte des<a href=\"http:\/\/www.nachrichten.at\/nachrichten\/meinung\/leserbriefe\/art11086,709371\" target=\"_blank\"> Leserbriefes in den O\u00d6Nachrichten<\/a> umso eindringlicher finden. Ich pflichte ihm bei, wenn er zwischen r\u00f6mischer und jesuanisch-gepr\u00e4gter Kirche unterscheidet.<\/p>\n<p><em><a href=\"http:\/\/kaineder.files.wordpress.com\/2011\/09\/gruner1.jpg\"><img loading=\"lazy\" decoding=\"async\" class=\"alignright size-thumbnail wp-image-1621\" title=\"gruner\" src=\"http:\/\/kaineder.files.wordpress.com\/2011\/09\/gruner1.jpg?w=112\" alt=\"\" width=\"112\" height=\"150\" \/><\/a>\u201eWerter Pfarrerkollege aus Windischgarsten! Einiges von Deinem Bild der Kirche, das die O\u00d6N am 8. 9. ziemlich \u00fcberdimensional wiedergegeben haben, ist erg\u00e4nzungsbed\u00fcrftig und darf nicht unwidersprochen bleiben. Das ist nicht die Kirche Jesu, sondern die r\u00f6mische Kirche, die hier von Dir gezeichnet wird.<\/em><\/p>\n<p><em>Dass die Themen der sog. \u201ePfarrer-Initiative\u201c ewiggestrige sind, ist der eigentliche Skandal. Dass die Leitung der r\u00f6misch-katholischen Kirche seit dem hoffnungsvollen 2. Vatikanischen Konzil immer mehr R\u00fcckschritte und Einbunkerung verordnet, erinnert an das j\u00fcdische Establishment, das den Tod Jesu unbedingt betrieben hat. Dass Kirche geschiedene Wiederverheiratete bis in Ewigkeit nicht mehr zur Kommunion einl\u00e4dt, auch nicht nach einer Zeit pers\u00f6nlicher L\u00e4uterung nach einer menschlichen Katastrophe = Scheidung, halte ich im Sinne Jesu f\u00fcr ewiggestrig, borniert und kontraproduktiv.<\/em><\/p>\n<p><em>Dass wir zwar Religionslehrerinnen u. a. an die t\u00e4gliche Front der Glaubensverk\u00fcndigung schicken, aber es vers\u00e4umen, sie auch im sonnt\u00e4glichen Gottesdienst zur Predigt aufzufordern, um Leben und Glauben auf eine breitere Basis zu stellen, ist besch\u00e4mend. W\u00fcrde die Leitung der r\u00f6mischen Kirche den Frauen dieselbe Aufwertung zuteil werden lassen wie Jesus in seiner kurzen Zeit als Wanderprediger, br\u00e4uchte sie nicht nachzudenken \u00fcber die Zulassung zur Weihe zur Diakonin oder Priesterin. Ein jammervolles Vers\u00e4umnis der Kirche. Es stimmt mich so oft sehr traurig, dass wir als Kirche nicht einladend und \u201echarmant\u201c hinausgehen, sondern freudlos und prinzipientreu die Asche der Feuerstelle h\u00fcten. Ist es der Auftrag Jesu, weniger zu werden, daf\u00fcr aber lebensfremd und unnahbar?<\/em><\/p>\n<p><em>P. Theobald Gr\u00fcner, Pfarrer in Ottensheim\u201c<\/em><\/p>\n<pre><\/pre>\n","protected":false},"excerpt":{"rendered":"<p>Wer P. Theobald aus Ottensheim kennt, seine frohe und humorvolle Art, mit dem Fahrrad unterwegs bei den Menschen, der wird die Dichte des Leserbriefes in den O\u00d6Nachrichten umso eindringlicher finden. Ich pflichte ihm bei, wenn er zwischen r\u00f6mischer und jesuanisch-gepr\u00e4gter Kirche unterscheidet. \u201eWerter Pfarrerkollege aus Windischgarsten! Einiges von Deinem Bild der Kirche, das die O\u00d6N &hellip; <\/p>\n<p><a class=\"more-link btn\" href=\"https:\/\/www.kaineder.at\/wordpress\/wo-liegt-das-versaumnis-und-wer-ist-da-ewig-gestrig\/\">Weiterlesen<\/a><\/p>\n","protected":false},"author":1,"featured_media":0,"comment_status":"closed","ping_status":"open","sticky":false,"template":"","format":"standard","meta":{"footnotes":""},"categories":[15,10],"tags":[],"class_list":["post-1617","post","type-post","status-publish","format-standard","hentry","category-zukunfstbilder","category-philosophie-theologie","item-wrap"],"_links":{"self":[{"href":"https:\/\/www.kaineder.at\/wordpress\/wp-json\/wp\/v2\/posts\/1617","targetHints":{"allow":["GET"]}}],"collection":[{"href":"https:\/\/www.kaineder.at\/wordpress\/wp-json\/wp\/v2\/posts"}],"about":[{"href":"https:\/\/www.kaineder.at\/wordpress\/wp-json\/wp\/v2\/types\/post"}],"author":[{"embeddable":true,"href":"https:\/\/www.kaineder.at\/wordpress\/wp-json\/wp\/v2\/users\/1"}],"replies":[{"embeddable":true,"href":"https:\/\/www.kaineder.at\/wordpress\/wp-json\/wp\/v2\/comments?post=1617"}],"version-history":[{"count":1,"href":"https:\/\/www.kaineder.at\/wordpress\/wp-json\/wp\/v2\/posts\/1617\/revisions"}],"predecessor-version":[{"id":2403,"href":"https:\/\/www.kaineder.at\/wordpress\/wp-json\/wp\/v2\/posts\/1617\/revisions\/2403"}],"wp:attachment":[{"href":"https:\/\/www.kaineder.at\/wordpress\/wp-json\/wp\/v2\/media?parent=1617"}],"wp:term":[{"taxonomy":"category","embeddable":true,"href":"https:\/\/www.kaineder.at\/wordpress\/wp-json\/wp\/v2\/categories?post=1617"},{"taxonomy":"post_tag","embeddable":true,"href":"https:\/\/www.kaineder.at\/wordpress\/wp-json\/wp\/v2\/tags?post=1617"}],"curies":[{"name":"wp","href":"https:\/\/api.w.org\/{rel}","templated":true}]}}