{"id":3004,"date":"2012-04-16T09:49:25","date_gmt":"2012-04-16T08:49:25","guid":{"rendered":"http:\/\/www.kaineder.at\/wordpress\/?p=3004"},"modified":"2018-01-04T06:52:31","modified_gmt":"2018-01-04T05:52:31","slug":"der-weg-nach-volkenroda-goldsteig-und-via-porta","status":"publish","type":"post","link":"https:\/\/www.kaineder.at\/wordpress\/der-weg-nach-volkenroda-goldsteig-und-via-porta\/","title":{"rendered":"Mein Weg nach Volkenroda: Goldsteig, Fr\u00e4nkischer Gebirgsweg und Via Porta"},"content":{"rendered":"<p>&#8222;<a title=\"Kloster Volkenroda\" href=\"http:\/\/www.kloster-volkenroda.de\/\" target=\"_blank\">Wo liegt Volkenroda?<\/a>&#8222;, wurde ich in den letzten Tagen oft gefragt. &#8222;In der ehemaligen DDR&#8220; war die verst\u00e4ndlichste Antwort. &#8222;<a title=\"Freistaat Th\u00fcringen\" href=\"http:\/\/de.wikipedia.org\/wiki\/Th%C3%BCringen\" target=\"_blank\">Th\u00fcringen<\/a>&#8220; hat schon Stirnfalten aufgezogen und &#8222;N\u00f6rdlich von M\u00fchlhausen&#8220; war meistens mit Achselzucken verbunden. &#8222;Eisenach ist in der N\u00e4he&#8220; hat die Achseln wieder beruhigt.<\/p>\n<p>&#8222;Wo und wie bist du gegangen?&#8220;, war die Folgefrage. Hier m\u00f6chte ich die Route kurz anf\u00fchren und f\u00fcr etwaige &#8222;NachgeherInnen&#8220; zug\u00e4nglich machen. \u00a0Meine Tagesetappen waren immer so zwischen 25 und 35 Kilometer, manchmal mehr. Die \u00dcbernachtungen habe ich immer beim Ankommen im jeweiligen Ort &#8222;erfragt&#8220; und nichts vorgeplant. In der ersten Phase (Bayrischer Wald und Oberpfalz) habe ich mich an der &#8222;<a title=\"Goldsteig\" href=\"http:\/\/www.goldsteig-wandern.de\" target=\"_blank\">Goldsteig-Variante-S\u00fcd<\/a>&#8220; orientiert. In der zweiten Phase ab Waldsassen war die <a title=\"Via Porta\" href=\"http:\/\/www.viaporta.de\" target=\"_blank\">Via Porta<\/a> mein &#8222;Anhaltsweg&#8220;.<\/p>\n<p><a href=\"http:\/\/www.kaineder.at\/wordpress\/der-weg-nach-volkenroda-goldsteig-und-via-porta\/k800_dsc08893\/\" rel=\"attachment wp-att-3009\"><img loading=\"lazy\" decoding=\"async\" class=\"alignright size-thumbnail wp-image-3009\" title=\"Sch\u00f6nes Wetter\" src=\"http:\/\/www.kaineder.at\/wordpress\/wp-content\/uploads\/2012\/04\/K800_DSC08893-150x112.jpg\" alt=\"\" width=\"150\" height=\"112\" srcset=\"https:\/\/www.kaineder.at\/wordpress\/wp-content\/uploads\/2012\/04\/K800_DSC08893-150x112.jpg 150w, https:\/\/www.kaineder.at\/wordpress\/wp-content\/uploads\/2012\/04\/K800_DSC08893-300x225.jpg 300w, https:\/\/www.kaineder.at\/wordpress\/wp-content\/uploads\/2012\/04\/K800_DSC08893.jpg 800w\" sizes=\"auto, (max-width: 150px) 100vw, 150px\" \/><\/a>Es war F\u00fchling und so habe ich auch &#8222;querfeldein&#8220; gelten lassen. Das waren meist Abk\u00fcrzungen aber auch dann und wann ungewollte Verl\u00e4ngerungen. So waren es ca. 700 km. Da ich nichts w\u00e4ge und z\u00e4hle, kann ich es nicht genau sagen.<\/p>\n<p>1. Tag:<br \/>\nKirchschlag bei Linz &#8211; Zwettl &#8211; Traberg &#8211; Helfenberg mit \u00dcbernachtung bei meinem Maturalkollegen Engelbert.<\/p>\n<p>2. Tag:<br \/>\nHelfenberg &#8211; Haslach &#8211; Schl\u00e4gl &#8211; an der M\u00fchl unten an Ulrichsberg vorbei querfeldein nach Klaffer mit \u00dcbernachtung im Bauernhof Sonnleitner.<\/p>\n<p>3. Tag:<br \/>\nKlaffer &#8211; Schwarzenberg &#8211; Neureichenau &#8211; Altreichenau (dort entscheide ich wegen der gro\u00dfen Schneemengen auch im Tal auf die S\u00fcdvariante des Goldsteiges zu weichseln) &#8211; Grainet &#8211; Freyung mit \u00dcbernachtung im Hotel Post<\/p>\n<p>4. Tag:<br \/>\n<a href=\"http:\/\/www.kaineder.at\/wordpress\/der-weg-nach-volkenroda-goldsteig-und-via-porta\/k800_dsc09105\/\" rel=\"attachment wp-att-3010\"><img loading=\"lazy\" decoding=\"async\" class=\"alignright size-thumbnail wp-image-3010\" title=\"Goldsteig Markierung\" src=\"http:\/\/www.kaineder.at\/wordpress\/wp-content\/uploads\/2012\/04\/K800_DSC09105-150x112.jpg\" alt=\"\" width=\"150\" height=\"112\" srcset=\"https:\/\/www.kaineder.at\/wordpress\/wp-content\/uploads\/2012\/04\/K800_DSC09105-150x112.jpg 150w, https:\/\/www.kaineder.at\/wordpress\/wp-content\/uploads\/2012\/04\/K800_DSC09105-300x225.jpg 300w, https:\/\/www.kaineder.at\/wordpress\/wp-content\/uploads\/2012\/04\/K800_DSC09105.jpg 800w\" sizes=\"auto, (max-width: 150px) 100vw, 150px\" \/><\/a>Freyung (den Wechsel auf S\u00fcd musste ich mir selber suchen) &#8211; Ringelai &#8211; Eckertsreuth &#8211; Hasselbach &#8211; Eberhardsreuth &#8211; Gumpenreit &#8211; Loh (dort treffen sich jeden Winter etwa 4000 Motorradfahrer zum Winterzeltln) &#8211; Zenting mit \u00dcbernachtung im &#8222;Alten Wirtshaus&#8220; (nomen est omen)<\/p>\n<p>5. Tag:<br \/>\nZenting &#8211; Lalling &#8211; Rusel &#8211; Grafling mit \u00dcbernachtung im 2 km au\u00dferhalb liegenden \u00a0Eichenhof (weil der Pfarrer im gro\u00dfen Pfarrhof &#8222;leider keinen Platz&#8220; hatte).<\/p>\n<p>6. Tag:<br \/>\nGrafling hinunter und hinauf nach Eidsberg &#8211; Edenstetten &#8211; Bernried (Waldkindergarten) &#8211; \u00a0Grandsberg &#8211; Oberm\u00fchlbach (E8) mit \u00dcbernachtung bei einem \u00e4lteren Ehepaar.<\/p>\n<p>7. Tag:<br \/>\n<a href=\"http:\/\/www.kaineder.at\/wordpress\/der-weg-nach-volkenroda-goldsteig-und-via-porta\/k640_dsc09417-2\/\" rel=\"attachment wp-att-3024\"><img loading=\"lazy\" decoding=\"async\" class=\"alignright size-thumbnail wp-image-3024\" title=\"Es waren auch lange Wege\" src=\"http:\/\/www.kaineder.at\/wordpress\/wp-content\/uploads\/2012\/04\/K640_DSC09417-112x150.jpg\" alt=\"\" width=\"112\" height=\"150\" srcset=\"https:\/\/www.kaineder.at\/wordpress\/wp-content\/uploads\/2012\/04\/K640_DSC09417-112x150.jpg 112w, https:\/\/www.kaineder.at\/wordpress\/wp-content\/uploads\/2012\/04\/K640_DSC09417-225x300.jpg 225w, https:\/\/www.kaineder.at\/wordpress\/wp-content\/uploads\/2012\/04\/K640_DSC09417.jpg 480w\" sizes=\"auto, (max-width: 112px) 100vw, 112px\" \/><\/a>Oberm\u00fchlbach &#8211; Maibrunn &#8211; Elisabethzell &#8211; \u00a0Haibach &#8211; Pilgramsberg (Jakobsweg) &#8211; Zinzenzell. Diese Etappe habe ich viel querfeldein genommen.<\/p>\n<p>8. Tag:<br \/>\nZinzenzell &#8211; Falkenstein &#8211; Marienstein (Wallfahrtskirche auf riesigen Felsbrocken) &#8211; Zell &#8211; Kirchenrohrbach &#8211; Walderbach mit \u00dcbernachtung in der kalten Ferienwohnung Jehl. Das Gesthaus am ehemaligen Kloster ist geschlossen.<\/p>\n<p>9. Tag:<br \/>\n<a href=\"http:\/\/www.kaineder.at\/wordpress\/der-weg-nach-volkenroda-goldsteig-und-via-porta\/k800_dsc09175\/\" rel=\"attachment wp-att-3012\"><br \/>\n<\/a>Walderbach ab bei Nebel &#8211; Waldhaus Einsiegel &#8211; St. Magdalena Kapelle &#8211; Falkenberg &#8211; Mappach &#8211; Poggersdorf &#8211; Neunburg vorm Wald mit \u00dcbernachtung im sehr netten Gasthaus Sp\u00f6rer. Weite Strecke und heute treffe ich den &#8222;Product Manager Goldsteig&#8220; Michael K\u00f6rner.<a href=\"http:\/\/www.kaineder.at\/wordpress\/der-weg-nach-volkenroda-goldsteig-und-via-porta\/k800_dsc09175\/\" rel=\"attachment wp-att-3012\"><img loading=\"lazy\" decoding=\"async\" class=\"alignright\" title=\"Klettersteig\" src=\"http:\/\/www.kaineder.at\/wordpress\/wp-content\/uploads\/2012\/04\/K800_DSC09175-150x112.jpg\" alt=\"\" width=\"150\" height=\"112\" \/><\/a><\/p>\n<p>10. Tag:<br \/>\nNeunburg &#8211; Kr\u00f6blitz &#8211; Abzweigung Nord\/S\u00fcd-Variante am Goldsteig &#8211; Kulz &#8211; Niesa\u00df &#8211; Oberviechtach &#8211; Jakobikirche (wieder einmal quert ein Jakobsweg) &#8211; Wildstein und \u00dcbernachtung im Wildenstein Hof.<\/p>\n<p>11. Tag:<br \/>\nWildstein &#8211; T\u00e4nnes berg &#8211; Kaufnitz &#8211; Bierlhof &#8211; Trausnitz &#8211; Solltiz &#8211; Wernberg\/K\u00f6blitz mit anschlie\u00dfenden zwei Tage Geh-Pause. Etwa 330 Kilometer liegen hinter mir. Bisher alles gut gegangen. Wetter war optimal. Einmal f\u00fcr eine Stunde Regen.<\/p>\n<p>12. und 13. Tag:<br \/>\nPause<\/p>\n<p>14. Tag:<br \/>\n<a href=\"http:\/\/www.kaineder.at\/wordpress\/der-weg-nach-volkenroda-goldsteig-und-via-porta\/k800_dsc09762\/\" rel=\"attachment wp-att-3014\"><img loading=\"lazy\" decoding=\"async\" class=\"alignright size-thumbnail wp-image-3014\" title=\"&quot;Gebirgsweg&quot; in Franken\" src=\"http:\/\/www.kaineder.at\/wordpress\/wp-content\/uploads\/2012\/04\/K800_DSC09762-150x112.jpg\" alt=\"\" width=\"150\" height=\"112\" srcset=\"https:\/\/www.kaineder.at\/wordpress\/wp-content\/uploads\/2012\/04\/K800_DSC09762-150x112.jpg 150w, https:\/\/www.kaineder.at\/wordpress\/wp-content\/uploads\/2012\/04\/K800_DSC09762-300x225.jpg 300w, https:\/\/www.kaineder.at\/wordpress\/wp-content\/uploads\/2012\/04\/K800_DSC09762.jpg 800w\" sizes=\"auto, (max-width: 150px) 100vw, 150px\" \/><\/a>Neustadt &#8211; Windischeschenbach an der Waldnaab- Falkenberg mit \u00dcbernachtung Gasthaus neben der Burg. Die wundersch\u00f6ne Waldnaab war diesen Tag \u00a0die Begleiterin.<\/p>\n<p>15. Tag:<br \/>\nFalkenberg &#8211; Gumpern &#8211; Themenreuth &#8211; Waldsassen mit \u00dcbernachtung als Pilger im Haus St. Joseph. Dieser Ort war der Wechsel auf die <a title=\"Via Porta\" href=\"http:\/\/www.viaporta.de\" target=\"_blank\">Via Porta<\/a>.<\/p>\n<p>16. Tag:<br \/>\n<a href=\"http:\/\/www.kaineder.at\/wordpress\/der-weg-nach-volkenroda-goldsteig-und-via-porta\/k800_dsc09555-2\/\" rel=\"attachment wp-att-3011\"><img loading=\"lazy\" decoding=\"async\" class=\"alignright size-thumbnail wp-image-3011\" title=\"in Waldsassen\" src=\"http:\/\/www.kaineder.at\/wordpress\/wp-content\/uploads\/2012\/04\/K800_DSC095551-150x112.jpg\" alt=\"\" width=\"150\" height=\"112\" srcset=\"https:\/\/www.kaineder.at\/wordpress\/wp-content\/uploads\/2012\/04\/K800_DSC095551-150x112.jpg 150w, https:\/\/www.kaineder.at\/wordpress\/wp-content\/uploads\/2012\/04\/K800_DSC095551-300x225.jpg 300w, https:\/\/www.kaineder.at\/wordpress\/wp-content\/uploads\/2012\/04\/K800_DSC095551.jpg 800w\" sizes=\"auto, (max-width: 150px) 100vw, 150px\" \/><\/a>Waldsassen &#8211; Mammersreuth &#8211; Grenz\u00fcbergang CZ &#8211; Bahntrasse nach Cheb (Fahrradweg) &#8211; Richtung Schirding &#8211; Pomezi &#8211; Hohenberg mit \u00dcbernachtung in der Ritterschank. Empfehlenswerter Gasthaus gegen\u00fcber dem Eingang zur Burg.\u00a0Lange Route mit &#8222;Querfeldein-Umweg&#8220; an der alten Grenze.<\/p>\n<p>17. Tag:<br \/>\nHohenberg &#8211; Neuhaus \/ Eger &#8211; Thierstein &#8211; Hebanz &#8211; Marktleuthen &#8211; Kirchenlamnitz &#8211; Spareck &#8211; M\u00fcnchberg. In dieser Zeit folge ich dem <a title=\"Fr\u00e4nkischer Gebirgsweg\" href=\"http:\/\/www.fraenkischer-gebirgsweg.de\/\" target=\"_blank\">Fr\u00e4nkischen Gebirgsweg<\/a>.<\/p>\n<p>18. Tag:<br \/>\nPalmsonntag mit der evangelischen Gemeinde.\u00a0M\u00fcnchberg &#8211; Laubersreuth &#8211; G\u00fcnthersdorf &#8211; Schauenstein &#8211; H\u00fcttung &#8211; Selbitz mit \u00dcbernachtungsweise bei den Schwestern der Christusbruderschaft. Am Tag vorher anrufen, meinten sie.<\/p>\n<p>19. Tag:<br \/>\n<a href=\"http:\/\/www.kaineder.at\/wordpress\/der-weg-nach-volkenroda-goldsteig-und-via-porta\/k800_dsc00044\/\" rel=\"attachment wp-att-3013\"><img loading=\"lazy\" decoding=\"async\" class=\"alignright size-thumbnail wp-image-3013\" title=\"Rennsteig Markierung\" src=\"http:\/\/www.kaineder.at\/wordpress\/wp-content\/uploads\/2012\/04\/K800_DSC00044-150x112.jpg\" alt=\"\" width=\"150\" height=\"112\" srcset=\"https:\/\/www.kaineder.at\/wordpress\/wp-content\/uploads\/2012\/04\/K800_DSC00044-150x112.jpg 150w, https:\/\/www.kaineder.at\/wordpress\/wp-content\/uploads\/2012\/04\/K800_DSC00044-300x225.jpg 300w, https:\/\/www.kaineder.at\/wordpress\/wp-content\/uploads\/2012\/04\/K800_DSC00044.jpg 800w\" sizes=\"auto, (max-width: 150px) 100vw, 150px\" \/><\/a>Selbitz &#8211; Rodesgr\u00fcn &#8211; Rothleiten &#8211; Issigau &#8211; Blankenstein (Beginn des ber\u00fchmten und mir bis dahin unbekannten <a title=\"Rennsteig\" href=\"http:\/\/www.rennsteig.de\/\" target=\"_blank\">Rennsteiges<\/a>) &#8211; Schlegel &#8211; Rodacherbrunn (nette Imbissh\u00fctte mit Gespr\u00e4chsfreudigkeit) &#8211; Grumbach (dort h\u00e4tte ich \u00fcbernachten sollen) &#8211; Brennersgr\u00fcn mit \u00dcbernachtung in \u00e4u\u00dferst kalter Ferienwohnung.<\/p>\n<p>20. Tag:<br \/>\nBrennersgr\u00fcn &#8211; Steinbach (mit netten Cafe`s) &#8211; Grenzpa\u00df &#8211; Spechtsbrunn &#8211; Neuhaus am Rennsteig mit \u00dcbernachtung im Gasthaus neben der sch\u00f6nsten Holzkirche Th\u00fcringens (Schl\u00fcssel in der Info-Stelle).<\/p>\n<p>21. Tag:<br \/>\nNeuhaus &#8211; Limbach (originelle Info-Stelle direkt am Weg) &#8211; Friedrichsh\u00f6he &#8211; Masserburg &#8211; Neustadt am Rennsteig mit \u00dcbernachtung in der Pension am Ortseingang.<\/p>\n<p>22. Tag:<br \/>\n<a href=\"http:\/\/www.kaineder.at\/wordpress\/der-weg-nach-volkenroda-goldsteig-und-via-porta\/k800_dsc09591-3\/\" rel=\"attachment wp-att-3015\"><img loading=\"lazy\" decoding=\"async\" class=\"alignright size-thumbnail wp-image-3015\" title=\"Via Porta Markierung\" src=\"http:\/\/www.kaineder.at\/wordpress\/wp-content\/uploads\/2012\/04\/K800_DSC095912-150x112.jpg\" alt=\"\" width=\"150\" height=\"112\" srcset=\"https:\/\/www.kaineder.at\/wordpress\/wp-content\/uploads\/2012\/04\/K800_DSC095912-150x112.jpg 150w, https:\/\/www.kaineder.at\/wordpress\/wp-content\/uploads\/2012\/04\/K800_DSC095912-300x225.jpg 300w, https:\/\/www.kaineder.at\/wordpress\/wp-content\/uploads\/2012\/04\/K800_DSC095912.jpg 800w\" sizes=\"auto, (max-width: 150px) 100vw, 150px\" \/><\/a>Neustadt &#8211; Allzunah &#8211; Schm\u00fccke &#8211; Rodell &#8211; Oberhof im Nebel. &#8222;Das&#8220; nordische Zentrum in Deutschland. Die Info-Stelle ist sehr zuvorkommend.<\/p>\n<p>23. Tag:<br \/>\nOberhof (immer noch im dichten Nebel) &#8211; Grenzadler &#8211; Ebertswiese &#8211; beim alten Kreuz verlasse ich und die Via Porta den Rennsteig &#8211; Friedrichroda &#8211; Schnepfenthal mit \u00dcbernachtung im Gasthaus Tanne. Obwohl geschlossen, hat man mir extra aufgemacht.<\/p>\n<p>24. Tag:<br \/>\nSchnepfenthal &#8211; Wahlwinkel &#8211; H\u00f6rselgau &#8211; Fr\u00f6ttst\u00e4dt &#8211; Tuttleben &#8211; Neufrankenroda (Gemeinschaft Siloah) &#8211; Br\u00fchheim &#8211; Behringen mit \u00dcbernachtung im Schlosshotel (Pilger-Sondertarif). Mitfeier der Osternacht in der dortigen evangelischen Gemeinde.<\/p>\n<p>25. Tag:<br \/>\nBehringen &#8211; durch den Naturpark Hainich &#8211; Hainich Baude (unbedingt einkehren) &#8211; Thiemsburg &#8211; Weberstedt (h\u00e4tte ich \u00fcbernachten sollen) &#8211; Gro\u00dfengottern mit keiner \u00dcbernachtungsm\u00f6glichkeit (Ostersonntag).<\/p>\n<p>26. Tag:<\/p>\n<p><a href=\"http:\/\/www.kaineder.at\/wordpress\/der-weg-nach-volkenroda-goldsteig-und-via-porta\/k800_img_3007\/\" rel=\"attachment wp-att-3016\"><img loading=\"lazy\" decoding=\"async\" class=\"alignright size-thumbnail wp-image-3016\" title=\"Kloster Volkenroda\" src=\"http:\/\/www.kaineder.at\/wordpress\/wp-content\/uploads\/2012\/04\/K800_IMG_3007-150x112.jpg\" alt=\"\" width=\"150\" height=\"112\" srcset=\"https:\/\/www.kaineder.at\/wordpress\/wp-content\/uploads\/2012\/04\/K800_IMG_3007-150x112.jpg 150w, https:\/\/www.kaineder.at\/wordpress\/wp-content\/uploads\/2012\/04\/K800_IMG_3007-300x225.jpg 300w, https:\/\/www.kaineder.at\/wordpress\/wp-content\/uploads\/2012\/04\/K800_IMG_3007.jpg 800w\" sizes=\"auto, (max-width: 150px) 100vw, 150px\" \/><\/a>Gro\u00dfengottern &#8211; Altengottern &#8211; K\u00f6rner &#8211; Kloster Volkenroda. Ich komme genau beim Dankgebet beim Ostermontaggottesdienst an. Sch\u00f6ne Musik, innige und offene Gemeinschaft, herzlicher Empfang. Deo gratias.<\/p>\n<p>Ich bleibe zwei Tage im Kommunit\u00e4tshaus des evangelischen Klosters. Sr. Johanna (f\u00fcr die Pilger zust\u00e4ndig) zeigt mir alles. Ich erlebe Gastfreundschaft pur. Ich feiere die Gebetszeiten und am morgen das Abendmahl mit. Der Christus-Pavillon vom der Expo 2000 wird gerade f\u00fcr die Er\u00f6ffnung anfang Mai gerichet. Ich bekomme \u00fcberall Zugang. Alles sehens- und erlebenswert.<\/p>\n<p><a href=\"http:\/\/www.kaineder.at\/wordpress\/der-weg-nach-volkenroda-goldsteig-und-via-porta\/k800_dsc00705\/\" rel=\"attachment wp-att-3017\"><img loading=\"lazy\" decoding=\"async\" class=\"alignright size-thumbnail wp-image-3017\" title=\"Vor der Wartburg\" src=\"http:\/\/www.kaineder.at\/wordpress\/wp-content\/uploads\/2012\/04\/K800_DSC00705-150x112.jpg\" alt=\"\" width=\"150\" height=\"112\" srcset=\"https:\/\/www.kaineder.at\/wordpress\/wp-content\/uploads\/2012\/04\/K800_DSC00705-150x112.jpg 150w, https:\/\/www.kaineder.at\/wordpress\/wp-content\/uploads\/2012\/04\/K800_DSC00705-300x225.jpg 300w, https:\/\/www.kaineder.at\/wordpress\/wp-content\/uploads\/2012\/04\/K800_DSC00705.jpg 800w\" sizes=\"auto, (max-width: 150px) 100vw, 150px\" \/><\/a>Nach diesen 2 Tagen gehe ich zu Fu\u00df nach Grabe (ca. 1 1\/2 Stunden), stoppe von dort nach M\u00fchlhausen, fahre mit dem Zug \u00fcber Gotha nach Eisenach. Im Haus Klara n\u00e4chtige ich wunderbar und g\u00fcnstig und besuche noch Bachhaus, Lutherhaus, die Wartburg (Der Tipp, schon um 9 Uhr oben zu sein, war super) und die Stadt.<\/p>\n<p>Mir dem ICE geht es von Eisenach nach Fulda, umsteigen, nach W\u00fcrzburg, umsteigen, nach Linz.<\/p>\n","protected":false},"excerpt":{"rendered":"<p>&#8222;Wo liegt Volkenroda?&#8222;, wurde ich in den letzten Tagen oft gefragt. &#8222;In der ehemaligen DDR&#8220; war die verst\u00e4ndlichste Antwort. &#8222;Th\u00fcringen&#8220; hat schon Stirnfalten aufgezogen und &#8222;N\u00f6rdlich von M\u00fchlhausen&#8220; war meistens mit Achselzucken verbunden. &#8222;Eisenach ist in der N\u00e4he&#8220; hat die Achseln wieder beruhigt. &#8222;Wo und wie bist du gegangen?&#8220;, war die Folgefrage. Hier m\u00f6chte ich &hellip; <\/p>\n<p><a class=\"more-link btn\" href=\"https:\/\/www.kaineder.at\/wordpress\/der-weg-nach-volkenroda-goldsteig-und-via-porta\/\">Weiterlesen<\/a><\/p>\n","protected":false},"author":1,"featured_media":0,"comment_status":"closed","ping_status":"open","sticky":false,"template":"","format":"standard","meta":{"footnotes":""},"categories":[13,16],"tags":[20,21,18],"class_list":["post-3004","post","type-post","status-publish","format-standard","hentry","category-gehen-pilgern","category-lokal-detektive","tag-freiheitgeht","tag-volkenroda","tag-wittenberg","item-wrap"],"_links":{"self":[{"href":"https:\/\/www.kaineder.at\/wordpress\/wp-json\/wp\/v2\/posts\/3004","targetHints":{"allow":["GET"]}}],"collection":[{"href":"https:\/\/www.kaineder.at\/wordpress\/wp-json\/wp\/v2\/posts"}],"about":[{"href":"https:\/\/www.kaineder.at\/wordpress\/wp-json\/wp\/v2\/types\/post"}],"author":[{"embeddable":true,"href":"https:\/\/www.kaineder.at\/wordpress\/wp-json\/wp\/v2\/users\/1"}],"replies":[{"embeddable":true,"href":"https:\/\/www.kaineder.at\/wordpress\/wp-json\/wp\/v2\/comments?post=3004"}],"version-history":[{"count":22,"href":"https:\/\/www.kaineder.at\/wordpress\/wp-json\/wp\/v2\/posts\/3004\/revisions"}],"predecessor-version":[{"id":6910,"href":"https:\/\/www.kaineder.at\/wordpress\/wp-json\/wp\/v2\/posts\/3004\/revisions\/6910"}],"wp:attachment":[{"href":"https:\/\/www.kaineder.at\/wordpress\/wp-json\/wp\/v2\/media?parent=3004"}],"wp:term":[{"taxonomy":"category","embeddable":true,"href":"https:\/\/www.kaineder.at\/wordpress\/wp-json\/wp\/v2\/categories?post=3004"},{"taxonomy":"post_tag","embeddable":true,"href":"https:\/\/www.kaineder.at\/wordpress\/wp-json\/wp\/v2\/tags?post=3004"}],"curies":[{"name":"wp","href":"https:\/\/api.w.org\/{rel}","templated":true}]}}