{"id":3485,"date":"2012-08-02T14:15:25","date_gmt":"2012-08-02T13:15:25","guid":{"rendered":"http:\/\/www.kaineder.at\/wordpress\/?p=3485"},"modified":"2018-01-04T06:50:27","modified_gmt":"2018-01-04T05:50:27","slug":"das-groste-sakrament-ist-die-kuchenschurze","status":"publish","type":"post","link":"https:\/\/www.kaineder.at\/wordpress\/das-groste-sakrament-ist-die-kuchenschurze\/","title":{"rendered":"Das gr\u00f6\u00dfte Sakrament ist die K\u00fcchensch\u00fcrze"},"content":{"rendered":"<p>Dass ich ein eifriger Leser des <a title=\"Publik Forum\" href=\"http:\/\/www.publik-forum.de\" target=\"_blank\">Publik-Forum<\/a>\u00a0bin, habe ich schon dort und da fallen lassen. Dieser ungetr\u00fcbte Blick auf die Wirklichkeit, die oft in Karikaturen auf den Punkt gebracht wird, m\u00f6chte ich nicht mehr missen. Kirchliche Themen werden mit einer offenen \u00f6kumenischen Zielrichtung beschrieben. Projekte und Themen werden aufgegriffen, die noch keiner wei\u00df und Monate sp\u00e4ter auf einmal breites Thema sind. Und immer die Blickrichtung nach &#8222;unten&#8220;. Profitiert habe ich oft schon von den Buchhinweisen. Diesmal habe ich eine CD bestellt mit dem Titel &#8222;<a title=\"CD\" href=\"http:\/\/shop.publik-forum.de\/shop\/Default.asp?suchbegriff=2980&amp;idw=20129631\" target=\"_blank\">Eure Sorgen m\u00f6chte ich haben<\/a>&#8222;. Prof. Hengsbach h\u00e4lt einen Vortrag am Katholikentag in Deutschland und reflektiert die Situation. Kurz: Die Kirche(n) handeln zu &#8222;selbstreferentiel&#8220;, sind m\u00fcde geworden und ihr eigentlicher Auftrag ist ihnen &#8222;abhanden&#8220; gekommen: F\u00fcr die Menschen konkret da sein und gesellschaftspolitisch aktiv werden f\u00fcr die &#8222;Verlierer&#8220;.<\/p>\n<p><strong>Das Bild der K\u00fcchensch\u00fcrze<\/strong><\/p>\n<p><a href=\"http:\/\/www.kaineder.at\/wordpress\/das-groste-sakrament-ist-die-kuchenschurze\/k1024_107\/\" rel=\"attachment wp-att-3489\"><img loading=\"lazy\" decoding=\"async\" class=\"alignright size-thumbnail wp-image-3489\" title=\"Gemeinsam im Dienst\" src=\"http:\/\/www.kaineder.at\/wordpress\/wp-content\/uploads\/2012\/08\/K1024_107-150x112.jpg\" alt=\"\" width=\"150\" height=\"112\" srcset=\"https:\/\/www.kaineder.at\/wordpress\/wp-content\/uploads\/2012\/08\/K1024_107-150x112.jpg 150w, https:\/\/www.kaineder.at\/wordpress\/wp-content\/uploads\/2012\/08\/K1024_107-300x225.jpg 300w, https:\/\/www.kaineder.at\/wordpress\/wp-content\/uploads\/2012\/08\/K1024_107.jpg 1024w\" sizes=\"auto, (max-width: 150px) 100vw, 150px\" \/><\/a>Recht locker erz\u00e4hlt er ohne Verbissenheit von den &#8222;Scheint\u00e4tigkeiten&#8220; kirchlicher W\u00fcrdentr\u00e4ger, ihre wichtige Wichtigkeit und das immer um sich selber kreisen. Dann greift er zu einem Bild, das im Auditorium ein Lachen und Applaus hervorgerufen hat, wenn er auff\u00fchrt: &#8222;Erster Ort der Liturgie ist die allt\u00e4gliche Lebenswelt in Familie, Beruf, Freizeit oder sonstiger T\u00e4tigkeitsfelder. Dabei ist das gr\u00f6\u00dfte Sakrament die K\u00fcchensch\u00fcrze. Jene Sch\u00fcrze, die Jesus umgebunden hat, um den Seinen die F\u00fcsse zu waschen. Er brachte ganz klar zum Ausdruck: Dienen und nicht bedienen lassen.&#8220; Nat\u00fcrlich h\u00e4ngen einem solche Bilder \u00fcber l\u00e4ngere Zeit nach. Die CD habe ich mittlerweile schon vor einer Woche des n\u00e4chtens &#8211; mit gro\u00dfer n\u00e4hrender Nebenwirkung &#8211; angeh\u00f6rt. Immer wieder bringt Hengsbach die &#8222;Pastoral der N\u00e4he&#8220; ins Gespr\u00e4ch angesichts der immer gr\u00f6\u00dfer werdenden &#8222;Seelsorger\u00e4ume&#8220;, der &#8222;Pfarrverb\u00e4nde&#8220; oder wie das immer genannt wird. Das Bild der K\u00fcchensch\u00fcrze taugt sehr gut daf\u00fcr, die Intention Gottes zum Ausdruck zu bringen: Ich bin bei dir, in deiner N\u00e4he, will dir helfen und deine F\u00fcsse frisch machen f\u00fcr dein Gehen auf deinem Lebensweg. Dann f\u00e4llt mir Sr. Kunigunde F\u00fcrst ein, die in einem Interview &#8222;gekl\u00e4rt&#8220; hat: Die Ordensschwestern sehen sich nicht mehr als Dienstboten der Kleriker. Die K\u00fcchensch\u00fcrze wird &#8222;ge-gendert&#8220; und alle miteinander dienen den Menschen. Das ist ein Zeichen, ein Sakrament &#8211; ganz konkret.<\/p>\n<p>&nbsp;<\/p>\n","protected":false},"excerpt":{"rendered":"<p>Dass ich ein eifriger Leser des Publik-Forum\u00a0bin, habe ich schon dort und da fallen lassen. Dieser ungetr\u00fcbte Blick auf die Wirklichkeit, die oft in Karikaturen auf den Punkt gebracht wird, m\u00f6chte ich nicht mehr missen. Kirchliche Themen werden mit einer offenen \u00f6kumenischen Zielrichtung beschrieben. Projekte und Themen werden aufgegriffen, die noch keiner wei\u00df und Monate &hellip; <\/p>\n<p><a class=\"more-link btn\" href=\"https:\/\/www.kaineder.at\/wordpress\/das-groste-sakrament-ist-die-kuchenschurze\/\">Weiterlesen<\/a><\/p>\n","protected":false},"author":1,"featured_media":0,"comment_status":"closed","ping_status":"open","sticky":false,"template":"","format":"standard","meta":{"footnotes":""},"categories":[10,1],"tags":[],"class_list":["post-3485","post","type-post","status-publish","format-standard","hentry","category-philosophie-theologie","category-allgemein","item-wrap"],"_links":{"self":[{"href":"https:\/\/www.kaineder.at\/wordpress\/wp-json\/wp\/v2\/posts\/3485","targetHints":{"allow":["GET"]}}],"collection":[{"href":"https:\/\/www.kaineder.at\/wordpress\/wp-json\/wp\/v2\/posts"}],"about":[{"href":"https:\/\/www.kaineder.at\/wordpress\/wp-json\/wp\/v2\/types\/post"}],"author":[{"embeddable":true,"href":"https:\/\/www.kaineder.at\/wordpress\/wp-json\/wp\/v2\/users\/1"}],"replies":[{"embeddable":true,"href":"https:\/\/www.kaineder.at\/wordpress\/wp-json\/wp\/v2\/comments?post=3485"}],"version-history":[{"count":8,"href":"https:\/\/www.kaineder.at\/wordpress\/wp-json\/wp\/v2\/posts\/3485\/revisions"}],"predecessor-version":[{"id":7888,"href":"https:\/\/www.kaineder.at\/wordpress\/wp-json\/wp\/v2\/posts\/3485\/revisions\/7888"}],"wp:attachment":[{"href":"https:\/\/www.kaineder.at\/wordpress\/wp-json\/wp\/v2\/media?parent=3485"}],"wp:term":[{"taxonomy":"category","embeddable":true,"href":"https:\/\/www.kaineder.at\/wordpress\/wp-json\/wp\/v2\/categories?post=3485"},{"taxonomy":"post_tag","embeddable":true,"href":"https:\/\/www.kaineder.at\/wordpress\/wp-json\/wp\/v2\/tags?post=3485"}],"curies":[{"name":"wp","href":"https:\/\/api.w.org\/{rel}","templated":true}]}}