{"id":4596,"date":"2013-10-02T19:24:42","date_gmt":"2013-10-02T18:24:42","guid":{"rendered":"http:\/\/www.kaineder.at\/wordpress\/?p=4596"},"modified":"2018-01-04T06:41:11","modified_gmt":"2018-01-04T05:41:11","slug":"mehr-vom-alten","status":"publish","type":"post","link":"https:\/\/www.kaineder.at\/wordpress\/mehr-vom-alten\/","title":{"rendered":"Mehr vom Alten?"},"content":{"rendered":"<p><a href=\"http:\/\/www.kaineder.at\/wordpress\/wp-content\/uploads\/2013\/10\/navi.jpg\"><img loading=\"lazy\" decoding=\"async\" class=\"alignright size-thumbnail wp-image-4600\" alt=\"navi\" src=\"http:\/\/www.kaineder.at\/wordpress\/wp-content\/uploads\/2013\/10\/navi-150x98.jpg\" width=\"150\" height=\"98\" srcset=\"https:\/\/www.kaineder.at\/wordpress\/wp-content\/uploads\/2013\/10\/navi-150x98.jpg 150w, https:\/\/www.kaineder.at\/wordpress\/wp-content\/uploads\/2013\/10\/navi.jpg 296w\" sizes=\"auto, (max-width: 150px) 100vw, 150px\" \/><\/a>Am Samstag 5. Oktober 2013 finden zwei Veranstaltungen statt, die noch in der \u00c4ra Benedikt XVI entstanden sind. Hinter beiden &#8222;steckt&#8220; die KA. In Wien wird am <a href=\"http:\/\/www.youtube.com\/watch?v=j8KzK2KxpuU\" target=\"_blank\">Yppenplatz<\/a> erhoben, &#8222;<a title=\"KA\" href=\"http:\/\/www.kaoe.at\/site\/home\/aktuelles\" target=\"_blank\">wo der Schuh dr\u00fcckt<\/a>&#8222;. Der Prozess ist als &#8222;Zukunftsforum&#8220; mit den Bisch\u00f6fen konzipiert. In St. Florian bei Linz hat das Stift am 5. Oktober 2013 den &#8222;Freiraum&#8220; f\u00fcr offene\u00a0<a href=\"http:\/\/xn--konzilsgesprche-clb.at\/\" target=\"_blank\">Konzilsgespr\u00e4che <\/a>geschaffen. Es geht es um Navigationsprobleme in der Kirche und mit Rom. Mittlerweile hat diese Probleme der Bischof von Rom selber mit dem Vatikan. Beide Interviews, die der Bischof von Rom in den letzten Tagen gegeben hat, zeigen, wie aufgew\u00fchlt der katholische Netzknoten &#8222;Rom&#8220; inzwischen ist. Die einen sehen die &#8222;Hierarchie&#8220; und sie haben diesen heiligen Ursprung in der Vergangenheit als Pyramide organisiert und strukturiert. Der Papst als Monarch. Die anderen sehen das Netz, das Volk Gottes unterwegs. Es scheint, dass der neue Bischof in Rom Franziskus die Kirche so haben will und deshalb neu strukturiert. Die <a href=\"http:\/\/www.kathweb.at\/site\/nachrichten\/database\/57666.html\" target=\"_blank\">Beraterkardin\u00e4le<\/a> tagen in diesen Tagen zu genau zu diesem Thema. M\u00f6ge die \u00dcbung gelingen.<\/p>\n<p><strong>Die Probleme sind bekannt<\/strong><\/p>\n<p><a href=\"http:\/\/www.kaineder.at\/wordpress\/wp-content\/uploads\/2013\/10\/schuh.jpg\"><img loading=\"lazy\" decoding=\"async\" class=\"alignright size-thumbnail wp-image-4601\" alt=\"schuh\" src=\"http:\/\/www.kaineder.at\/wordpress\/wp-content\/uploads\/2013\/10\/schuh-150x65.jpg\" width=\"150\" height=\"65\" srcset=\"https:\/\/www.kaineder.at\/wordpress\/wp-content\/uploads\/2013\/10\/schuh-150x65.jpg 150w, https:\/\/www.kaineder.at\/wordpress\/wp-content\/uploads\/2013\/10\/schuh-300x131.jpg 300w, https:\/\/www.kaineder.at\/wordpress\/wp-content\/uploads\/2013\/10\/schuh-1024x448.jpg 1024w, https:\/\/www.kaineder.at\/wordpress\/wp-content\/uploads\/2013\/10\/schuh.jpg 1203w\" sizes=\"auto, (max-width: 150px) 100vw, 150px\" \/><\/a>Hinh\u00f6ren ist ein doppelseitiges Geschehen auf Augenh\u00f6he. Die Strukturen m\u00fcssen daf\u00fcr in der vernetzten Organisation geschaffen werden. Die Synoden sollten weniger steif ablaufen, meint Franziskus. Der jetzige Bischof von Rom kennt weniger unten und oben, sondern ein Miteinander. Beim Fr\u00fchst\u00fcck soll sich ein Priester neben Franziskus gesetzt haben mit der Frage: &#8222;Darf ich Platz nehmen, Heilger Vater?&#8220; Der Papst hat ihn zum Niedersetzen eingeladen: &#8222;Setzen sie sich, Heiliger Sohn.&#8220; Das m\u00f6gen die einen lustig finden, die anderen atmen auf. Eine Ordensfrau erz\u00e4hlt diese Geschichte mit Begeisterung. Ich selber habe gesehen, wie Bisch\u00f6fe bei der Audienz dem Papst nicht auf Augenh\u00f6he, sondern mit Kniefall und Ringku\u00df begegnet sind. Jetzt haben viele den Eindruck, dass Franziskus die Probleme und die damit verbundenen Herausforderungen der Ortskirchen h\u00f6ren will. Die Strukturen werden als &#8222;h\u00f6hrende Ohren&#8220; gestaltet. Da ist schon viel gewonnen. Die wirkliche Herausforderung besteht allerdings darin, was mit den Anliegen, den Ideen und der Inspiration aus dem Volk Gottes heraus geschieht. Das wird im Stift St. Florian genauso eine Rolle spielen wie am Yppenplatz. An beiden Orten soll nicht &#8222;Mehr vom Alten&#8220; ausgebreitet werden, sondern das &#8222;Neue in Wort und Tat&#8220; angesto\u00dfen werden. F\u00fcr beide Veranstaltungen gilt: Komm und geh mit!<\/p>\n<p>&nbsp;<\/p>\n<p>&nbsp;<\/p>\n<p>&nbsp;<\/p>\n","protected":false},"excerpt":{"rendered":"<p>Am Samstag 5. Oktober 2013 finden zwei Veranstaltungen statt, die noch in der \u00c4ra Benedikt XVI entstanden sind. Hinter beiden &#8222;steckt&#8220; die KA. In Wien wird am Yppenplatz erhoben, &#8222;wo der Schuh dr\u00fcckt&#8222;. Der Prozess ist als &#8222;Zukunftsforum&#8220; mit den Bisch\u00f6fen konzipiert. In St. Florian bei Linz hat das Stift am 5. Oktober 2013 den &hellip; <\/p>\n<p><a class=\"more-link btn\" href=\"https:\/\/www.kaineder.at\/wordpress\/mehr-vom-alten\/\">Weiterlesen<\/a><\/p>\n","protected":false},"author":1,"featured_media":0,"comment_status":"closed","ping_status":"open","sticky":false,"template":"","format":"standard","meta":{"footnotes":""},"categories":[16,15,10],"tags":[],"class_list":["post-4596","post","type-post","status-publish","format-standard","hentry","category-lokal-detektive","category-zukunfstbilder","category-philosophie-theologie","item-wrap"],"_links":{"self":[{"href":"https:\/\/www.kaineder.at\/wordpress\/wp-json\/wp\/v2\/posts\/4596","targetHints":{"allow":["GET"]}}],"collection":[{"href":"https:\/\/www.kaineder.at\/wordpress\/wp-json\/wp\/v2\/posts"}],"about":[{"href":"https:\/\/www.kaineder.at\/wordpress\/wp-json\/wp\/v2\/types\/post"}],"author":[{"embeddable":true,"href":"https:\/\/www.kaineder.at\/wordpress\/wp-json\/wp\/v2\/users\/1"}],"replies":[{"embeddable":true,"href":"https:\/\/www.kaineder.at\/wordpress\/wp-json\/wp\/v2\/comments?post=4596"}],"version-history":[{"count":4,"href":"https:\/\/www.kaineder.at\/wordpress\/wp-json\/wp\/v2\/posts\/4596\/revisions"}],"predecessor-version":[{"id":4602,"href":"https:\/\/www.kaineder.at\/wordpress\/wp-json\/wp\/v2\/posts\/4596\/revisions\/4602"}],"wp:attachment":[{"href":"https:\/\/www.kaineder.at\/wordpress\/wp-json\/wp\/v2\/media?parent=4596"}],"wp:term":[{"taxonomy":"category","embeddable":true,"href":"https:\/\/www.kaineder.at\/wordpress\/wp-json\/wp\/v2\/categories?post=4596"},{"taxonomy":"post_tag","embeddable":true,"href":"https:\/\/www.kaineder.at\/wordpress\/wp-json\/wp\/v2\/tags?post=4596"}],"curies":[{"name":"wp","href":"https:\/\/api.w.org\/{rel}","templated":true}]}}