{"id":4647,"date":"2013-10-22T20:24:41","date_gmt":"2013-10-22T19:24:41","guid":{"rendered":"http:\/\/www.kaineder.at\/wordpress\/?p=4647"},"modified":"2018-01-04T06:40:53","modified_gmt":"2018-01-04T05:40:53","slug":"im-alten-fahrwasser-angekommen","status":"publish","type":"post","link":"https:\/\/www.kaineder.at\/wordpress\/im-alten-fahrwasser-angekommen\/","title":{"rendered":"Im alten Fahrwasser angekommen"},"content":{"rendered":"<p><a href=\"http:\/\/www.kaineder.at\/wordpress\/wp-content\/uploads\/2013\/10\/Wiederverheiratet.png\"><img loading=\"lazy\" decoding=\"async\" class=\"alignright size-thumbnail wp-image-4648\" alt=\"Wiederverheiratet\" src=\"http:\/\/www.kaineder.at\/wordpress\/wp-content\/uploads\/2013\/10\/Wiederverheiratet-150x83.png\" width=\"150\" height=\"83\" srcset=\"https:\/\/www.kaineder.at\/wordpress\/wp-content\/uploads\/2013\/10\/Wiederverheiratet-150x83.png 150w, https:\/\/www.kaineder.at\/wordpress\/wp-content\/uploads\/2013\/10\/Wiederverheiratet-300x166.png 300w, https:\/\/www.kaineder.at\/wordpress\/wp-content\/uploads\/2013\/10\/Wiederverheiratet.png 624w\" sizes=\"auto, (max-width: 150px) 100vw, 150px\" \/><\/a>Es hat sich angedeutet. Wir wollten es in der franziskanisch gen\u00e4hrten Hoffnung nicht glauben. Der Papst spricht zwar in seinen morgendlichen Predigten die Dinge direkt beim Namen an. Dieser Tage: Geld kann nicht der Mittelpunkt sein. Der Bischof von Limburg f\u00fchlt sich allerdings am selben Tag nach der 20-min\u00fctigen Audienz &#8222;gest\u00e4rkt&#8220;. \u00a0Heute wurde wieder einmal klar. Die &#8222;Abteilungsleiter&#8220; wie der Glaubenspr\u00e4fekt Ludwig M\u00fcller gehen in der Umsetzung die alten und eigenen Wege. Sie haben das &#8222;harte und herzlose Fahrwasser&#8220; nicht verlassen. Es geht nicht um Werte und menschliche W\u00e4rme, sondern um Gesetze und Normen. Diese sicher falsche und daher \u00a0folgenschwere Botschaft heute aus dem Vatikan kann im Sinne Jesu nicht so stehen bleiben: Keine Sakramente f\u00fcr Wiederverheiratete.<\/p>\n<p><strong>Direkt am Leben vorbei<\/strong><\/p>\n<p>&#8222;Nach geltender kirchlicher Lehre k\u00f6nne es in dieser Frage keine Ausnahmen geben, so M\u00fcller. Der Umgang mit dieser Personengruppe d\u00fcrfe \u201enicht aufgrund der verschiedenen Situationen modifiziert werden\u201c oder einer Gewissensentscheidung der Betroffenen anheimgestellt werden, schreibt er in einem Gastbeitrag f\u00fcr die vatikanische Zeitung \u201eOsservatore Romano\u201c. Das Gesetz steht damit \u00fcber dem Menschen. Modifizieren, hinh\u00f6ren, Wege finden, aufrichten war die Sache Jesu in seinen vielen empathischen Begegnungen mit Menschen auf Augenh\u00f6he. Menschen haben sich aufgerichtet, wurden geheilt. Und das pers\u00f6nliche Gewissen und die Entscheidung danach wird wieder einmal gering geachtet. Seliger Franz J\u00e4gerst\u00e4tter, bitte f\u00fcr unsere Amtskirche. Genau diese Sichtweise geht direkt am Leben vorbei. \u00a0Es trifft mich pers\u00f6nlich, weil in vielen pers\u00f6nlichen pastoralen Gespr\u00e4chen sich Menschen zu einer Entscheidung durchgerungen haben, sich in und an den Sakramenten st\u00e4rken zu lassen. Sie werden wieder zweifeln, zur\u00fcckgeworfen. Und sie werden auf &#8222;diese Kirche&#8220; sauer sein, weil sie nicht f\u00e4hig ist, mit dem Scheitern ad\u00e4quat umzugehen.<\/p>\n<p><strong>Der momentane Mix<\/strong><\/p>\n<p><a href=\"http:\/\/www.kaineder.at\/wordpress\/wp-content\/uploads\/2013\/10\/panoptikum.jpg\"><img loading=\"lazy\" decoding=\"async\" class=\"alignright size-thumbnail wp-image-4649\" alt=\"panoptikum\" src=\"http:\/\/www.kaineder.at\/wordpress\/wp-content\/uploads\/2013\/10\/panoptikum-150x111.jpg\" width=\"150\" height=\"111\" srcset=\"https:\/\/www.kaineder.at\/wordpress\/wp-content\/uploads\/2013\/10\/panoptikum-150x111.jpg 150w, https:\/\/www.kaineder.at\/wordpress\/wp-content\/uploads\/2013\/10\/panoptikum-300x222.jpg 300w, https:\/\/www.kaineder.at\/wordpress\/wp-content\/uploads\/2013\/10\/panoptikum.jpg 730w\" sizes=\"auto, (max-width: 150px) 100vw, 150px\" \/><\/a>Ich lade hier ein, den eingef\u00fcgten Screenshot nebenan in seiner Themenstellung genauer zu meditieren. Zulehner ist noch von der Hoffnung auf Ver\u00e4nderung von oben inspiriert und r\u00e4t zum Warten. Der Limburger &#8222;L\u00fcgen- und Protz-Bischof&#8220; (Der Spiegel) darf nicht nur weiter zelebrieren, sondern auch kommunizieren. G\u00e4nswein stellt die Rinnen zum alten Fahrwasser her, getarnt als Br\u00fcckenbauer zwischen emeritiertem Papst und aktivem Bischof von Rom. Und nicht nur im Vatikan, sondern in Deutschland und \u00d6sterreich ist das Geld der Kirche Thema. Der Soziologe Hochschild hat einmal sinngem\u00e4\u00df gemeint: &#8222;Die Probleme der Kirche sind keine Probleme der Welt (S\u00e4kularisierung), sondern Probleme der Kirche.&#8220; Dieser Themen-Mix heute am 22. 10. 2013 um 21.00 Uhr auf religion.orf.at zeigt: Die Amtskirche arbeitet wieder taff an der eigenen Vernichtung oder in der Werbesprache ausgedr\u00fcckt am &#8222;katholischen Alleinstellungsmerkmal&#8220;. Jetzt sind wieder die Ordensgemeinschaften gefragt, den &#8222;Freiraum f\u00fcr Gott und die Welt zu schaffen&#8220;. Und jedem Getauften sei in Erinnerung gerufen: Die Kirche dieses Jesus von Nazareth gibt es wegen der ganz konkreten Menschen heute, nicht wegen und f\u00fcr die Bisch\u00f6fe. Es tut mir leid. Aber: Wer 52 Tage nach Assisi geht, dem kommen solch klaren Gedanken. Kirche tun, dort wo wir stehen und wie es die Menschen brauchen.<\/p>\n<p>&nbsp;<\/p>\n","protected":false},"excerpt":{"rendered":"<p>Es hat sich angedeutet. Wir wollten es in der franziskanisch gen\u00e4hrten Hoffnung nicht glauben. Der Papst spricht zwar in seinen morgendlichen Predigten die Dinge direkt beim Namen an. Dieser Tage: Geld kann nicht der Mittelpunkt sein. Der Bischof von Limburg f\u00fchlt sich allerdings am selben Tag nach der 20-min\u00fctigen Audienz &#8222;gest\u00e4rkt&#8220;. \u00a0Heute wurde wieder einmal &hellip; <\/p>\n<p><a class=\"more-link btn\" href=\"https:\/\/www.kaineder.at\/wordpress\/im-alten-fahrwasser-angekommen\/\">Weiterlesen<\/a><\/p>\n","protected":false},"author":1,"featured_media":0,"comment_status":"closed","ping_status":"open","sticky":false,"template":"","format":"standard","meta":{"footnotes":""},"categories":[13,36,10],"tags":[],"class_list":["post-4647","post","type-post","status-publish","format-standard","hentry","category-gehen-pilgern","category-orden-kirchen","category-philosophie-theologie","item-wrap"],"_links":{"self":[{"href":"https:\/\/www.kaineder.at\/wordpress\/wp-json\/wp\/v2\/posts\/4647","targetHints":{"allow":["GET"]}}],"collection":[{"href":"https:\/\/www.kaineder.at\/wordpress\/wp-json\/wp\/v2\/posts"}],"about":[{"href":"https:\/\/www.kaineder.at\/wordpress\/wp-json\/wp\/v2\/types\/post"}],"author":[{"embeddable":true,"href":"https:\/\/www.kaineder.at\/wordpress\/wp-json\/wp\/v2\/users\/1"}],"replies":[{"embeddable":true,"href":"https:\/\/www.kaineder.at\/wordpress\/wp-json\/wp\/v2\/comments?post=4647"}],"version-history":[{"count":2,"href":"https:\/\/www.kaineder.at\/wordpress\/wp-json\/wp\/v2\/posts\/4647\/revisions"}],"predecessor-version":[{"id":4651,"href":"https:\/\/www.kaineder.at\/wordpress\/wp-json\/wp\/v2\/posts\/4647\/revisions\/4651"}],"wp:attachment":[{"href":"https:\/\/www.kaineder.at\/wordpress\/wp-json\/wp\/v2\/media?parent=4647"}],"wp:term":[{"taxonomy":"category","embeddable":true,"href":"https:\/\/www.kaineder.at\/wordpress\/wp-json\/wp\/v2\/categories?post=4647"},{"taxonomy":"post_tag","embeddable":true,"href":"https:\/\/www.kaineder.at\/wordpress\/wp-json\/wp\/v2\/tags?post=4647"}],"curies":[{"name":"wp","href":"https:\/\/api.w.org\/{rel}","templated":true}]}}