{"id":4653,"date":"2013-10-27T19:44:00","date_gmt":"2013-10-27T18:44:00","guid":{"rendered":"http:\/\/www.kaineder.at\/wordpress\/?p=4653"},"modified":"2018-01-04T06:40:48","modified_gmt":"2018-01-04T05:40:48","slug":"die-natur-ist-keine-buehne","status":"publish","type":"post","link":"https:\/\/www.kaineder.at\/wordpress\/die-natur-ist-keine-buehne\/","title":{"rendered":"Die Natur ist keine B\u00fchne"},"content":{"rendered":"<p><a href=\"http:\/\/www.kaineder.at\/wordpress\/wp-content\/uploads\/2013\/10\/kinderimwald_3.jpg\"><img loading=\"lazy\" decoding=\"async\" class=\"alignright size-thumbnail wp-image-4657\" alt=\"Bayern\" src=\"http:\/\/www.kaineder.at\/wordpress\/wp-content\/uploads\/2013\/10\/kinderimwald_3-150x83.jpg\" width=\"150\" height=\"83\" srcset=\"https:\/\/www.kaineder.at\/wordpress\/wp-content\/uploads\/2013\/10\/kinderimwald_3-150x83.jpg 150w, https:\/\/www.kaineder.at\/wordpress\/wp-content\/uploads\/2013\/10\/kinderimwald_3-300x166.jpg 300w, https:\/\/www.kaineder.at\/wordpress\/wp-content\/uploads\/2013\/10\/kinderimwald_3.jpg 963w\" sizes=\"auto, (max-width: 150px) 100vw, 150px\" \/><\/a>&#8222;Es gibt heute dreij\u00e4hrige Kindergartenkinder, die auf einem ganz normalen Waldboden Schwierigkeiten haben zu gehen&#8220;, wei\u00df die erfahrene Kindergartenp\u00e4dagogin, die sich dem Thema<a href=\"http:\/\/www.kinderimwald.at \" target=\"_blank\"> Kinder im Wald <\/a>verschrieben hat. Mir fallen dazu zwei Begebenheiten ein. Vor mehr als 25 Jahren bin ich jedes Jahr mit meiner Firmgruppe zu Frau Molterer in der Spittelwiese 15 gegangen. Sie war weit \u00fcber 90 Jahre. Sie hat aus ihrem Leben erz\u00e4hlt und die Jugendlichen waren dabei immer total aufmerksam. Frau Molterer war von ihrem Lebensvorzeichen ein positiver Mensch, obwohl sie es nie leicht hatte und viele Hindernisse und Schwierigkeiten \u00fcberwinden musste. Am meisten hat mich allerdings immer ihre Einsch\u00e4tzung in Richtung &#8222;heutiger Jugend&#8220; (damals von 25 Jahren) beeindruckt: &#8222;Ihr jungen Leute habt es heute viel schwerer als wir in unserer Jugend. Wir hatten zwar nichts, aber wir hatten einander. Au\u00dferdem hatten wir Boden und Dreck unter den F\u00fcssen. Ihr habt nur mehr Asphalt. Ihr seid sozusagen die Asphalt-Kinder.&#8220; Sie hat das nicht abwertend gemeint, sondern eher ermutigend: Geht hinaus in die Natur, auf die Berge, in den Wald.<\/p>\n<p><strong>Das Waldhaus und die Kinder<\/strong><\/p>\n<p><a href=\"http:\/\/www.kaineder.at\/wordpress\/wp-content\/uploads\/2013\/10\/kinderimwald_1.jpg\"><img loading=\"lazy\" decoding=\"async\" class=\"alignright size-thumbnail wp-image-4658\" alt=\"kinderimwald_1\" src=\"http:\/\/www.kaineder.at\/wordpress\/wp-content\/uploads\/2013\/10\/kinderimwald_1-150x98.jpg\" width=\"150\" height=\"98\" srcset=\"https:\/\/www.kaineder.at\/wordpress\/wp-content\/uploads\/2013\/10\/kinderimwald_1-150x98.jpg 150w, https:\/\/www.kaineder.at\/wordpress\/wp-content\/uploads\/2013\/10\/kinderimwald_1-300x197.jpg 300w, https:\/\/www.kaineder.at\/wordpress\/wp-content\/uploads\/2013\/10\/kinderimwald_1.jpg 688w\" sizes=\"auto, (max-width: 150px) 100vw, 150px\" \/><\/a>Bei meinem <a href=\"http:\/\/www.kaineder.at\/wordpress\/der-weg-nach-volkenroda-goldsteig-und-via-porta\/\" target=\"_blank\">24-t\u00e4gigen Weitgehen<\/a> im M\u00fchlviertel, am Goldsteig und auf der Via Porta im Fr\u00fchjahr 2012 bis hinauf ins <a href=\"http:\/\/www.kloster-volkenroda.de\/\" target=\"_blank\">Kloster Volkenroda<\/a> bin ich im Bayrischen Wald nach einem langen Gang durch einen Wald am Waldrand auf eine H\u00fctte getroffen. Es war Ende M\u00e4rz und ich war etwas \u00fcberrascht, dass dort etwa 25 Kinder &#8222;herumgekugelt&#8220; sind, am Waldrand, weit hinunter auf der Wiese und rund um die H\u00fctte. Als Local Detective war ich nat\u00fcrlich neugierig. Was ist das? Wer ist da? Wer erm\u00f6glicht den Kindern am Vormittag in der Vormittagssonne diesen Freiraum in der Natur? Es war ein privater Kindergarten, der als einzigen St\u00fctzpunkt diese kleine H\u00fctte hat und sonst die gesamte Zeit im Wald, auf der Wiese, in der Sonne und im Regen verbringt. Ich selber war schon tagelang durch Wiesen und Wald unterwegs. Die Seele hat sich durch die wunderbaren Naturbilder gen\u00e4hrt. Bewegung ist uns angeboren und K\u00f6rper und Seele finden im Gehen den &#8222;Ur-Rhythmus&#8220;. Jetzt treffe ich diese Kinder. Sie d\u00fcrfen. Sie probieren. Sie spielen. Alleine und gemeinsam. Erleben&#8220;hautnah&#8220; Sonne und Regen. &#8222;Gef\u00e4llt es euch da?&#8220;, habe ich zwei Kinder am Waldrand nach einem langen Gespr\u00e4ch mit der Kita-P\u00e4dagogin gefragt: &#8222;Wir bleiben da, bis die Sonne ganz weit dort dr\u00fcben ist.&#8220; Und sie zeigen ganz fachm\u00e4nnisch nach Westen.<\/p>\n<p><strong>Boden oder B\u00fchne<\/strong><\/p>\n<p><a href=\"http:\/\/www.kaineder.at\/wordpress\/wp-content\/uploads\/2013\/10\/kinderimwald_2.jpg\"><img loading=\"lazy\" decoding=\"async\" class=\"alignright size-thumbnail wp-image-4659\" alt=\"kinderimwald_2\" src=\"http:\/\/www.kaineder.at\/wordpress\/wp-content\/uploads\/2013\/10\/kinderimwald_2-103x150.jpg\" width=\"103\" height=\"150\" srcset=\"https:\/\/www.kaineder.at\/wordpress\/wp-content\/uploads\/2013\/10\/kinderimwald_2-103x150.jpg 103w, https:\/\/www.kaineder.at\/wordpress\/wp-content\/uploads\/2013\/10\/kinderimwald_2-207x300.jpg 207w, https:\/\/www.kaineder.at\/wordpress\/wp-content\/uploads\/2013\/10\/kinderimwald_2.jpg 318w\" sizes=\"auto, (max-width: 103px) 100vw, 103px\" \/><\/a>&#8222;Wir wollen mit den Kindern zu viel&#8220;, haben schon viel P\u00e4dagogInnen gemeint. In der &#8222;Bildungsmaschinerie&#8220; ist das genaue Gegenteil im Gange. Kinder werden durch Bildungs-Programme gef\u00fchrt oder sogar getrifen, sie lernen, mit Fremdbestimmung fertig zu werden. Oft habe ich den Eindruck, Werbung, Fernseher und Internet vermitteln ein Bild, als ob es darauf ank\u00e4me, auf der B\u00fchne des Lebens zu bestehen. Wir lernen Spielabl\u00e4ufe und Rituale, wie wir uns am besten darstellen und die Goldmedaille erringen. Rankings everywhere. Die Gesellschaft sch\u00fcrt in einem fort: Es ist \u00a0nie genug. Wir d\u00fcrfen also nie bei uns selbst sein. Bist du mit dir und anderen zufrieden, dann kann etwas nicht stimmen. Laufen. Die digitalen R\u00e4ume haben ohnehin eine eigene Geschwindigkeit und wollen den Menschen nicht zu sich kommen lassen. Vorgestern nimmt ein Freund im Kaffeehaus sein Handy zur Hand und schreibt auf Twitter #microlangeweile, w\u00e4hrend ich unterwegs bin zum Ort der Orte. Gerade f\u00fcr Kinder gilt: Dort, wo es langweilig oder fad wird, besteht im Umfeld der Natur und Gemeinschaft die Chance, dass etwas ganz Neues entsteht, auftaucht, entdeckt wird. Wenn Christine ihren Beruf und ihre Berufung darin sieht, Kinder im Wald ein neues Leben zu er\u00f6ffnen, dann wei\u00df sie aus Erfahrung: Kinder entdecken dort ihr eigenes, ganz pers\u00f6nliches Leben, ihre F\u00e4higkeiten, Grenzen und Talente. \u00a0Und das gemeinsam. Das macht Spa\u00df. F\u00fcr alle. Und Boden unter den F\u00fcssen.<\/p>\n<p><a href=\"http:\/\/www.kinderimwald.at\" target=\"_blank\">Kinder im Wald<\/a><\/p>\n<p>&nbsp;<\/p>\n<p>&nbsp;<\/p>\n","protected":false},"excerpt":{"rendered":"<p>&#8222;Es gibt heute dreij\u00e4hrige Kindergartenkinder, die auf einem ganz normalen Waldboden Schwierigkeiten haben zu gehen&#8220;, wei\u00df die erfahrene Kindergartenp\u00e4dagogin, die sich dem Thema Kinder im Wald verschrieben hat. Mir fallen dazu zwei Begebenheiten ein. Vor mehr als 25 Jahren bin ich jedes Jahr mit meiner Firmgruppe zu Frau Molterer in der Spittelwiese 15 gegangen. Sie &hellip; <\/p>\n<p><a class=\"more-link btn\" href=\"https:\/\/www.kaineder.at\/wordpress\/die-natur-ist-keine-buehne\/\">Weiterlesen<\/a><\/p>\n","protected":false},"author":1,"featured_media":0,"comment_status":"closed","ping_status":"open","sticky":false,"template":"","format":"standard","meta":{"footnotes":""},"categories":[13,16,15,14],"tags":[],"class_list":["post-4653","post","type-post","status-publish","format-standard","hentry","category-gehen-pilgern","category-lokal-detektive","category-zukunfstbilder","category-gemeinschaften-konnektive","item-wrap"],"_links":{"self":[{"href":"https:\/\/www.kaineder.at\/wordpress\/wp-json\/wp\/v2\/posts\/4653","targetHints":{"allow":["GET"]}}],"collection":[{"href":"https:\/\/www.kaineder.at\/wordpress\/wp-json\/wp\/v2\/posts"}],"about":[{"href":"https:\/\/www.kaineder.at\/wordpress\/wp-json\/wp\/v2\/types\/post"}],"author":[{"embeddable":true,"href":"https:\/\/www.kaineder.at\/wordpress\/wp-json\/wp\/v2\/users\/1"}],"replies":[{"embeddable":true,"href":"https:\/\/www.kaineder.at\/wordpress\/wp-json\/wp\/v2\/comments?post=4653"}],"version-history":[{"count":6,"href":"https:\/\/www.kaineder.at\/wordpress\/wp-json\/wp\/v2\/posts\/4653\/revisions"}],"predecessor-version":[{"id":4662,"href":"https:\/\/www.kaineder.at\/wordpress\/wp-json\/wp\/v2\/posts\/4653\/revisions\/4662"}],"wp:attachment":[{"href":"https:\/\/www.kaineder.at\/wordpress\/wp-json\/wp\/v2\/media?parent=4653"}],"wp:term":[{"taxonomy":"category","embeddable":true,"href":"https:\/\/www.kaineder.at\/wordpress\/wp-json\/wp\/v2\/categories?post=4653"},{"taxonomy":"post_tag","embeddable":true,"href":"https:\/\/www.kaineder.at\/wordpress\/wp-json\/wp\/v2\/tags?post=4653"}],"curies":[{"name":"wp","href":"https:\/\/api.w.org\/{rel}","templated":true}]}}