{"id":4676,"date":"2013-11-02T10:30:31","date_gmt":"2013-11-02T09:30:31","guid":{"rendered":"http:\/\/www.kaineder.at\/wordpress\/?p=4676"},"modified":"2018-01-04T06:40:38","modified_gmt":"2018-01-04T05:40:38","slug":"ein-friedhof-ohne-einzelgraeber","status":"publish","type":"post","link":"https:\/\/www.kaineder.at\/wordpress\/ein-friedhof-ohne-einzelgraeber\/","title":{"rendered":"Ein Friedhof ohne Einzelgr\u00e4ber in St. Gerold in Vorarlberg"},"content":{"rendered":"<p>Der Tag Allerseelen ist mir eigentlich lieber als Allerheiligen. Er ist frei von &#8222;Feierlichkeit&#8220;. \u00a0Die Seligpreisungen sind nat\u00fcrlich in Anbetracht der Heiligen, die in der Spur Jesu gelebt haben, eine der wesentlichsten Impulse f\u00fcr unsere Gesellschaft, wo alles auf Sieger, auf Goldmedaillen, auf Gewinn und Mehr ausgerichtet ist. Da gibt und gab es Menschen, die diese alternative und anders wertsch\u00e4tzende und wahrnehmende Spur Jesu voll aufgenommen haben. Die Heiligsprechungen sind mir dann aber doch wieder etwas aus der Spur gekommen, wenn sie wie in den letzten Jahren inflation\u00e4r geworden sind. Allerseelen nimmt genau diesen &#8222;Stress&#8220; heraus. Da wird unterschiedslos aller Menschen gedacht. Da ist selbst das Heiligen- und Seligen-Ranking ausgeschaltet. Der himmlische Hierarchie-Druck ist heraus. Es geht um die Vollendung aller Seelen, aller Lebensentw\u00fcrfe und Lebensgeschichten. Dort in der Vollendung ist nicht Zeit, Raum und Hierarchie, wie wir sie uns vielleicht in der &#8222;Verl\u00e4ngerungsachse Welt Himmel&#8220; vorstellen.<\/p>\n<p><strong>St. Gerold in Vorarlberg<\/strong><\/p>\n<p>W\u00e4re Wien und Ober\u00f6sterreich nicht so weit von Vorarlberg entfernt, h\u00e4tte ich mich nochmals auf den Weg gemacht. Es ist etwa 20 Jahre her, dass ich mit meinen damaligen AusbildungskollegInnen im Rahmen unserer \u00d6sterreichkonferenz in der <a href=\"http:\/\/www.propstei-stgerold.at\/\" target=\"_blank\">Propstei St. Gerold im gro\u00dfen Walsertal<\/a> war. Heute liest man auf der Website &#8222;Ort der Begegnung und Sinnfindung&#8220;. Pferdetherapie war damals schon etabliert und K\u00fcnstler waren dort zu Hause. Die Patres von Einsiedeln sind 1947 wieder zur\u00fcckgekehrt, nachdem sie in der NS-Zeit als unerw\u00fcnschte Ausl\u00e4nder &#8222;abgeschoben&#8220; wurden. 1958 kam Pater Nathanael Wirth nach St. Gerold und ihn haben wir eben vor etwa 20 Jahren getroffen. Er hat die Propstei &#8222;ge\u00f6ffnet&#8220; und ins heute gef\u00fchrt.<\/p>\n<p><strong>Der beeindruckende Friedhof<\/strong><\/p>\n<p><a href=\"http:\/\/www.kaineder.at\/wordpress\/wp-content\/uploads\/2013\/11\/Waldstimmung_11_2013.jpg\"><img loading=\"lazy\" decoding=\"async\" class=\"alignright size-thumbnail wp-image-4684\" alt=\"Waldstimmung_11_2013\" src=\"http:\/\/www.kaineder.at\/wordpress\/wp-content\/uploads\/2013\/11\/Waldstimmung_11_2013-123x150.jpg\" width=\"123\" height=\"150\" srcset=\"https:\/\/www.kaineder.at\/wordpress\/wp-content\/uploads\/2013\/11\/Waldstimmung_11_2013-123x150.jpg 123w, https:\/\/www.kaineder.at\/wordpress\/wp-content\/uploads\/2013\/11\/Waldstimmung_11_2013-246x300.jpg 246w, https:\/\/www.kaineder.at\/wordpress\/wp-content\/uploads\/2013\/11\/Waldstimmung_11_2013.jpg 466w\" sizes=\"auto, (max-width: 123px) 100vw, 123px\" \/><\/a>Am meisten ist bei allen Schilderungen bis heute der Friedhof in Erinnerung geblieben. P. Nathanael hat einen radikalen theologischen Gedanken mit und zum Teil gegen die Menschen &#8222;durchgezogen&#8220;: Im Himmel sind wir alle gleich. Wir wissen, dass das letzte Hemd keine Taschen hat. Es bleibt uns nur jene Liebe, die wir verschenkt haben. Mit der Geburt und der Taufe hat uns Gott &#8222;beim Namen gerufen&#8220;. Einzig der Name ist das Bleibende. Das hat P. Nathanael auch \u00a0am Friedhof &#8222;durchgezogen&#8220;. Es wurden alle Einzelgr\u00e4ber eingeebnet und jede und jeder bekommt an der Friedhofmauer ein Schild mit den Vornamen und dem Familiennamen. Das ist es. Der Anblick des Friedhofs ist mir bis heute als &#8222;starkes Bild&#8220; eingepr\u00e4gt. Die Friedhofmauer mit den Namensschildern, die sch\u00f6ne gr\u00fcne Wiese und die Blumen in der Mitte der Wiese ohne individuelle Zuordnung. Das letzte Grab, das damals in den 60-er Jahren eingeebnet wurde, war das einer Priestermutter, weil der Sohn sich lange geweigert hat. Wir in Kirchschlag haben am Friedhof die Vorschrift, dass es nur Metallkreuze und keinen Stein geben darf. Das ist nicht einfach zu erkl\u00e4ren, wo mir der Steinmetz vor l\u00e4ngerer Zeit lange erkl\u00e4rt hat, &#8222;dass man mit Stein besser trauern kann&#8220;. St. Gerold ist hier ganz radikal: Es gen\u00fcgt der Name. Ein Namensschild unter allen. Du bist bei deinem Namen gerufen. \u00a0Allerseelen. Ein unglaublich starkes Zeichen, worauf es im Himmel und auf der Erde ankommt. Loslassen auf die Vollendung hin.<\/p>\n","protected":false},"excerpt":{"rendered":"<p>Der Tag Allerseelen ist mir eigentlich lieber als Allerheiligen. Er ist frei von &#8222;Feierlichkeit&#8220;. \u00a0Die Seligpreisungen sind nat\u00fcrlich in Anbetracht der Heiligen, die in der Spur Jesu gelebt haben, eine der wesentlichsten Impulse f\u00fcr unsere Gesellschaft, wo alles auf Sieger, auf Goldmedaillen, auf Gewinn und Mehr ausgerichtet ist. Da gibt und gab es Menschen, die &hellip; <\/p>\n<p><a class=\"more-link btn\" href=\"https:\/\/www.kaineder.at\/wordpress\/ein-friedhof-ohne-einzelgraeber\/\">Weiterlesen<\/a><\/p>\n","protected":false},"author":1,"featured_media":0,"comment_status":"closed","ping_status":"open","sticky":false,"template":"","format":"standard","meta":{"footnotes":""},"categories":[16,36,14,10,1],"tags":[],"class_list":["post-4676","post","type-post","status-publish","format-standard","hentry","category-lokal-detektive","category-orden-kirchen","category-gemeinschaften-konnektive","category-philosophie-theologie","category-allgemein","item-wrap"],"_links":{"self":[{"href":"https:\/\/www.kaineder.at\/wordpress\/wp-json\/wp\/v2\/posts\/4676","targetHints":{"allow":["GET"]}}],"collection":[{"href":"https:\/\/www.kaineder.at\/wordpress\/wp-json\/wp\/v2\/posts"}],"about":[{"href":"https:\/\/www.kaineder.at\/wordpress\/wp-json\/wp\/v2\/types\/post"}],"author":[{"embeddable":true,"href":"https:\/\/www.kaineder.at\/wordpress\/wp-json\/wp\/v2\/users\/1"}],"replies":[{"embeddable":true,"href":"https:\/\/www.kaineder.at\/wordpress\/wp-json\/wp\/v2\/comments?post=4676"}],"version-history":[{"count":8,"href":"https:\/\/www.kaineder.at\/wordpress\/wp-json\/wp\/v2\/posts\/4676\/revisions"}],"predecessor-version":[{"id":4686,"href":"https:\/\/www.kaineder.at\/wordpress\/wp-json\/wp\/v2\/posts\/4676\/revisions\/4686"}],"wp:attachment":[{"href":"https:\/\/www.kaineder.at\/wordpress\/wp-json\/wp\/v2\/media?parent=4676"}],"wp:term":[{"taxonomy":"category","embeddable":true,"href":"https:\/\/www.kaineder.at\/wordpress\/wp-json\/wp\/v2\/categories?post=4676"},{"taxonomy":"post_tag","embeddable":true,"href":"https:\/\/www.kaineder.at\/wordpress\/wp-json\/wp\/v2\/tags?post=4676"}],"curies":[{"name":"wp","href":"https:\/\/api.w.org\/{rel}","templated":true}]}}