{"id":6698,"date":"2015-11-05T21:23:08","date_gmt":"2015-11-05T20:23:08","guid":{"rendered":"http:\/\/www.kaineder.at\/wordpress\/?p=6698"},"modified":"2018-01-03T19:07:58","modified_gmt":"2018-01-03T18:07:58","slug":"tag20-wie-wenn-sie-gold-vom-himmel-schuetten","status":"publish","type":"post","link":"https:\/\/www.kaineder.at\/wordpress\/tag20-wie-wenn-sie-gold-vom-himmel-schuetten\/","title":{"rendered":"Tag20: Wie wenn sie Gold vom Himmel sch\u00fctten"},"content":{"rendered":"<p><span style=\"color: #993300;\"><a style=\"color: #993300;\" href=\"http:\/\/www.klimapilgern.at\" target=\"_blank\">#Klimapilgern<\/a><\/span> geht in die unglaubliche Sch\u00f6nheit der herbstlichen Natur. \u201eWie wenn sie Gold vom Himmel sch\u00fctten\u201c, musste ich heute <a href=\"http:\/\/www.kaineder.at\/wordpress\/wp-content\/uploads\/2015\/11\/20_see2_IMG_5031.jpg\"><img loading=\"lazy\" decoding=\"async\" class=\"alignright size-thumbnail wp-image-6701\" src=\"http:\/\/www.kaineder.at\/wordpress\/wp-content\/uploads\/2015\/11\/20_see2_IMG_5031-150x97.jpg\" alt=\"20_see2_IMG_5031\" width=\"150\" height=\"97\" srcset=\"https:\/\/www.kaineder.at\/wordpress\/wp-content\/uploads\/2015\/11\/20_see2_IMG_5031-150x97.jpg 150w, https:\/\/www.kaineder.at\/wordpress\/wp-content\/uploads\/2015\/11\/20_see2_IMG_5031-300x195.jpg 300w, https:\/\/www.kaineder.at\/wordpress\/wp-content\/uploads\/2015\/11\/20_see2_IMG_5031-900x584.jpg 900w, https:\/\/www.kaineder.at\/wordpress\/wp-content\/uploads\/2015\/11\/20_see2_IMG_5031.jpg 1000w\" sizes=\"auto, (max-width: 150px) 100vw, 150px\" \/><\/a>voller Begeisterung und mit einem tiefen Staunen in das Telefon sagen, w\u00e4hrend wir am Grabensee Richtung Perwang unterwegs waren. Die goldenen Farben an den B\u00e4umen, die ermattenden Gr\u00fcnt\u00f6ne in den Wiesen und das silber glitzernde Wasser der eingebetteten Seen war Nahrung f\u00fcr Geist und Seele. Der K\u00f6rper passt nach 20 Tagen gehen sehr gut. Er geht und geht und geht und ist eins mit ihnen. \u201eEs war so unglaublich sch\u00f6n\u201c, hat eine Mitpilgerin gemeint. Wir haben den Jakobsweg verlassen und gehen von Schleedorf \u00fcber Mattsee \u201ehin\u00fcber\u201c nach Perwang in die <span style=\"color: #993300;\"><a style=\"color: #993300;\" href=\"http:\/\/www.abtei-michaelbeuern.at\/start.html\" target=\"_blank\">Abtei Michaelbeuern<\/a><\/span>.<\/p>\n<p><strong>Es muss von Beginn an gut sein<\/strong><\/p>\n<p><a href=\"http:\/\/www.kaineder.at\/wordpress\/wp-content\/uploads\/2015\/11\/20_Ziel_IMG_5064.jpg\"><img loading=\"lazy\" decoding=\"async\" class=\"alignright size-thumbnail wp-image-6702\" src=\"http:\/\/www.kaineder.at\/wordpress\/wp-content\/uploads\/2015\/11\/20_Ziel_IMG_5064-150x91.jpg\" alt=\"20_Ziel_IMG_5064\" width=\"150\" height=\"91\" srcset=\"https:\/\/www.kaineder.at\/wordpress\/wp-content\/uploads\/2015\/11\/20_Ziel_IMG_5064-150x91.jpg 150w, https:\/\/www.kaineder.at\/wordpress\/wp-content\/uploads\/2015\/11\/20_Ziel_IMG_5064-300x182.jpg 300w, https:\/\/www.kaineder.at\/wordpress\/wp-content\/uploads\/2015\/11\/20_Ziel_IMG_5064-900x545.jpg 900w, https:\/\/www.kaineder.at\/wordpress\/wp-content\/uploads\/2015\/11\/20_Ziel_IMG_5064.jpg 1000w\" sizes=\"auto, (max-width: 150px) 100vw, 150px\" \/><\/a>Dort treffen wir morgen beim Fr\u00fchst\u00fcck Abt Johannes Perkmann. Er war bei <span style=\"color: #993300;\">&#8222;<a style=\"color: #993300;\" href=\"https:\/\/www.youtube.com\/watch?v=SNqtV-bLv7s\" target=\"_blank\">viel mehr wesentlich weniger<\/a>&#8222;<\/span> ein wunderbarer Gespr\u00e4chspartner. Die Abtei hat seit Jahren in der Energiefrage von Beginn an gut erneuert.\u00a0\u00a0Ich erinnere an Ernst Gugler in Melk: \u201eEs gen\u00fcgt nicht, das Schlechte weniger schlecht zu machen. Es muss von Beginn an gut sein.\u201c Wenn wir die Natur mit den \u00a0sich hinschmiegenden Bauernh\u00e4usern sehen, dann kann schon sein, dass der liebe Gott hierher geschaut hat als er gemeint hat: \u201eEs ist gut. Es ist sehr gut.\u201c Die vielen und gro\u00dfen Einfamilienh\u00e4user lassen aber Zweifel aufkommen, ob es so bleiben wird. Wir gehen weiter. Dieses Gold der Farben w\u00e4chst aus dem Boden,<br \/>\nwird von der Sonne gen\u00e4hrt. Heute verstehe ich schon \u00fcberhaupt nicht, wie Konzerne in solche Gegenden \u201evordringen\u201c und um der Rohstoffe oder industriellen Landwirtschaft willen Natur und die Grundlage der Menschen zerst\u00f6ren. W\u00fcste, \u00d6dland oder vergiftete Landstriche sind die Folge. Agrokonzerne bohren zB in der T\u00fcrkei riesige L\u00f6cher Richtung Grundwasser und graben so weiten Landstrichen das kostbare Wasser ab. Dieses Wasser bringen sie dann den Menschen in Plastikbottle und verdienen ein zweites Mal. Natur ist verw\u00fcstet. Der Mensch auf der Flucht. Versteht das wer?<\/p>\n<p><strong>Zeigt uns die Reichen<\/strong><\/p>\n<p>Bei aller Sch\u00f6nheit der Natur gehe ich an Zeitungen vorbei und ich m\u00f6chte ihnen schreiben: \u201eLiebe Medien. Ich h\u00e4tte da einen Vorschlag. Schreibt in jeder Ausgabe mindestens 20% des Redaktionsplatzes \u00fcber die, die die Nutznie\u00dfer dieser technisierten und naturzerst\u00f6rerischen Praktiken sind. Benennt sie mit Namen und zeigt uns ihren Reichtum. Ungeschminkt. Nicht aber als tolle Menschen \u00a0des Erfolges oder der Leistung, sondern als Diebe, R\u00e4uber, Pl\u00fcnderer. Sie handeln im gro\u00dfen globalen Sinn gegen Natur und Mensch oder umgekehrt. D<img loading=\"lazy\" decoding=\"async\" class=\"alignright size-thumbnail wp-image-6703\" src=\"http:\/\/www.kaineder.at\/wordpress\/wp-content\/uploads\/2015\/11\/20_sprung_IMG_5037-150x95.jpg\" alt=\"20_sprung_IMG_5037\" width=\"150\" height=\"95\" srcset=\"https:\/\/www.kaineder.at\/wordpress\/wp-content\/uploads\/2015\/11\/20_sprung_IMG_5037-150x95.jpg 150w, https:\/\/www.kaineder.at\/wordpress\/wp-content\/uploads\/2015\/11\/20_sprung_IMG_5037-300x190.jpg 300w, https:\/\/www.kaineder.at\/wordpress\/wp-content\/uploads\/2015\/11\/20_sprung_IMG_5037-900x570.jpg 900w, https:\/\/www.kaineder.at\/wordpress\/wp-content\/uploads\/2015\/11\/20_sprung_IMG_5037.jpg 1000w\" sizes=\"auto, (max-width: 150px) 100vw, 150px\" \/>as, was sie vorgeben, dass es dem Menschen hilft, ist genau gegen ihn gerichtet. Billiges Gem\u00fcse kommt aus Spanien. Und wer verdient? F\u00fcr wen rechnet es sich? Nennt das \u201eS\u00fcnde\u201c, liebe RedakteurInnen. Sie sondern sich n\u00e4mlich von der \u201enat\u00fcrlichen \u00d6kologie der Welt\u201c ab. Privatisierter Reichtum ist Diebstahl\u00a0 am Gemeinwesen, ist Gemeinwohlbetrug. Und auf ihre tollen H\u00e4user sollten wir Schilder geben, die oben ihre Leistungen benennen und unten den Preis daf\u00fcr. Wer wurde ausgebeutet? Wo ist Blut tats\u00e4chlich und strukturell geflossen? Wo und wie viel wurde f\u00fcr diese Produkte an \u201eErde\u201c zert\u00f6rt? Wo sind die, die Fl\u00fcchtlinge auf dem Gewissen haben? Solche Zeitungen w\u00fcrde ich gerne abonnieren. Da kenne ich viele andere auch.&#8220; Die Medien, vor allem die Chefredaktionen, haben in diesem Zusammenhang mit Klimagerechtigkeit und &#8222;gerechter und richtiger Welt-Nutzung&#8220; eine wichtige Pflicht. Hier ein sch\u00f6nes <span style=\"color: #993300;\"><a style=\"color: #993300;\" href=\"http:\/\/tvthek.orf.at\/program\/Additional-Content\/1670\/Langversion-ZIB-2-Gespraech-mit-Yanis-Varoufakis\/10910247\/Langversion-ZIB-2-Gespraech-mit-Yanis-Varoufakis\/10910332\" target=\"_blank\">Beispiel der ZIB2<\/a><\/span>, was ich meine.<\/p>\n<p><strong>Eine Klimawandlerin geht mit<\/strong><\/p>\n<p><a href=\"http:\/\/www.kaineder.at\/wordpress\/wp-content\/uploads\/2015\/11\/20_marterl_IMG_5057.jpg\"><img loading=\"lazy\" decoding=\"async\" class=\"alignright size-thumbnail wp-image-6704\" src=\"http:\/\/www.kaineder.at\/wordpress\/wp-content\/uploads\/2015\/11\/20_marterl_IMG_5057-150x113.jpg\" alt=\"20_marterl_IMG_5057\" width=\"150\" height=\"113\" srcset=\"https:\/\/www.kaineder.at\/wordpress\/wp-content\/uploads\/2015\/11\/20_marterl_IMG_5057-150x113.jpg 150w, https:\/\/www.kaineder.at\/wordpress\/wp-content\/uploads\/2015\/11\/20_marterl_IMG_5057-300x225.jpg 300w, https:\/\/www.kaineder.at\/wordpress\/wp-content\/uploads\/2015\/11\/20_marterl_IMG_5057-900x675.jpg 900w, https:\/\/www.kaineder.at\/wordpress\/wp-content\/uploads\/2015\/11\/20_marterl_IMG_5057.jpg 1000w\" sizes=\"auto, (max-width: 150px) 100vw, 150px\" \/><\/a>\u201eRadikal\u201c war das gestrige Wort am Weg. Ich habe heute in meinem Aufbruchimpuls das Wort \u201eund\u201c mit auf den Weg gegeben. In einem Gebet, das ich auf einer Karte gefunden hatte, hat es unter vielen anderen \u201eund\u201c gehei\u00dfen: \u201eLass uns die Fr\u00fcchte der Erde genie\u00dfen UND f\u00fcr eine gerechte Verteilung sorgen.\u201c Karin hat, als wir vor einem Marterl nach Perwang auf den Grabensee hinuntergeschaut haben, gemeint: \u201eIch bin als Klimawandlerin mit euch unterwegs.\u201c Das trifft sich sehr gut mit dem \u201eund\u201c des heutigen Tages. Eine Wandlung tritt immer dann ein, wenn wir etwas neu verkn\u00fcpfen. Also: Wir genie\u00dfen die Manner-Schnitten UND schreiben an die Firma, das Palm\u00f6l herauszugeben. Im Gehen heute habe ich immer an die vielen Wurzeln (radikal) denken m\u00fcssen, die durch ihr Zusammenwirken dieses Gold hervorgebracht haben: Wurzeln und Sonne. Das \u201eund\u201c ist nicht einfach Harmonie, sondern verlangt oft auch das Verkn\u00fcpfen von radikalen Schreien, Auflehnen, gehenden Schritten. Unser Gehen m\u00f6ge uns wandeln, damit wir Klimagerechtigkeit pers\u00f6nlich leben UND aufschreien mit den Opfern der schreienden Ungerechtigkeit. Genau das erwarten wir uns auch von den Bisch\u00f6fen, die n\u00e4chste Woche in unseren Betten hier in Michaelbeuern liegen werden. Kirchen sind Vorreiterinnen bei Klimagerechtigkeit und Bisch\u00f6fe erheben die Stimme lautstark gegen diesen ausbeuterischen Wahn. Beides ist bisher nicht selbstverst\u00e4ndlich.<\/p>\n<p><strong>Eine R\u00fcckmeldung<\/strong><\/p>\n<p><a href=\"http:\/\/www.kaineder.at\/wordpress\/wp-content\/uploads\/2015\/11\/20_heilsameOrte_IMG_5075.jpg\"><img loading=\"lazy\" decoding=\"async\" class=\"alignright size-thumbnail wp-image-6705\" src=\"http:\/\/www.kaineder.at\/wordpress\/wp-content\/uploads\/2015\/11\/20_heilsameOrte_IMG_5075-150x99.jpg\" alt=\"20_heilsameOrte_IMG_5075\" width=\"150\" height=\"99\" srcset=\"https:\/\/www.kaineder.at\/wordpress\/wp-content\/uploads\/2015\/11\/20_heilsameOrte_IMG_5075-150x99.jpg 150w, https:\/\/www.kaineder.at\/wordpress\/wp-content\/uploads\/2015\/11\/20_heilsameOrte_IMG_5075-300x199.jpg 300w, https:\/\/www.kaineder.at\/wordpress\/wp-content\/uploads\/2015\/11\/20_heilsameOrte_IMG_5075-900x597.jpg 900w, https:\/\/www.kaineder.at\/wordpress\/wp-content\/uploads\/2015\/11\/20_heilsameOrte_IMG_5075.jpg 1000w\" sizes=\"auto, (max-width: 150px) 100vw, 150px\" \/><\/a>Der Tag20 l\u00e4sst irgendwie das Ende des Gehens erahnen. Vor Paris werden wir noch drei Tage Rembert, zwei Tage Anja und ich einen Tag beim internationalen Klimapilgern zum <span style=\"color: #993300;\"><a style=\"color: #993300;\" href=\"https:\/\/twitter.com\/search?q=cop21\" target=\"_blank\">Weltklimagipfel #COP21<\/a><\/span> mitgehen. In diesem Zusammenhang freut mich die \u201eEinsch\u00e4tzung und R\u00fcckmeldung\u201c von Franz Muhr via FB heute: \u201eEiner der 7 Leits\u00e4tze von VIA NOVA hat die \u00dcberschrift: Achtsamkeit und Ehrfurcht vor der Sch\u00f6pfung &#8211; Wer pilgernd unterwegs ist, erlebt und genie\u00dft mit allen Sinnen die Sch\u00f6nheit und Vielfalt der Sch\u00f6pfung Gottes. Jeder Teil dieser Erde ist heilig. Achtsamkeit weckt die Liebe zu allem was lebt. In diesem Sinne sage ich Danke an die KlimapilgerInnen. Eure Mission, ein Bewusstsein f\u00fcr den Klimawandel zu schaffen, ist sehr beeindruckend. W\u00fcnsche euch weiterhin ein gutes Unterwegssein.\u201c Und heute waren wir auf weiten <span style=\"color: #993300;\"><a style=\"color: #993300;\" href=\"http:\/\/www.pilgerweg-vianova.eu\/\" target=\"_blank\">Strecken auf der VIA NOVA<\/a> <\/span>unterwegs. Hat sehr gut gepasst.<\/p>\n","protected":false},"excerpt":{"rendered":"<p>#Klimapilgern geht in die unglaubliche Sch\u00f6nheit der herbstlichen Natur. \u201eWie wenn sie Gold vom Himmel sch\u00fctten\u201c, musste ich heute voller Begeisterung und mit einem tiefen Staunen in das Telefon sagen, w\u00e4hrend wir am Grabensee Richtung Perwang unterwegs waren. Die goldenen Farben an den B\u00e4umen, die ermattenden Gr\u00fcnt\u00f6ne in den Wiesen und das silber glitzernde Wasser &hellip; <\/p>\n<p><a class=\"more-link btn\" href=\"https:\/\/www.kaineder.at\/wordpress\/tag20-wie-wenn-sie-gold-vom-himmel-schuetten\/\">Weiterlesen<\/a><\/p>\n","protected":false},"author":1,"featured_media":0,"comment_status":"closed","ping_status":"open","sticky":false,"template":"","format":"standard","meta":{"footnotes":""},"categories":[13,16,15,11,36,10,1],"tags":[86,88,72,85,25,35,82,87],"class_list":["post-6698","post","type-post","status-publish","format-standard","hentry","category-gehen-pilgern","category-lokal-detektive","category-zukunfstbilder","category-kommunikation-lotsen","category-orden-kirchen","category-philosophie-theologie","category-allgemein","tag-cop21","tag-klimagerechtigkeit","tag-klimapilgern","tag-klimapilgern_at","tag-orden","tag-ordensgemeinschaften","tag-paris","tag-pilgerweg","item-wrap"],"_links":{"self":[{"href":"https:\/\/www.kaineder.at\/wordpress\/wp-json\/wp\/v2\/posts\/6698","targetHints":{"allow":["GET"]}}],"collection":[{"href":"https:\/\/www.kaineder.at\/wordpress\/wp-json\/wp\/v2\/posts"}],"about":[{"href":"https:\/\/www.kaineder.at\/wordpress\/wp-json\/wp\/v2\/types\/post"}],"author":[{"embeddable":true,"href":"https:\/\/www.kaineder.at\/wordpress\/wp-json\/wp\/v2\/users\/1"}],"replies":[{"embeddable":true,"href":"https:\/\/www.kaineder.at\/wordpress\/wp-json\/wp\/v2\/comments?post=6698"}],"version-history":[{"count":7,"href":"https:\/\/www.kaineder.at\/wordpress\/wp-json\/wp\/v2\/posts\/6698\/revisions"}],"predecessor-version":[{"id":6710,"href":"https:\/\/www.kaineder.at\/wordpress\/wp-json\/wp\/v2\/posts\/6698\/revisions\/6710"}],"wp:attachment":[{"href":"https:\/\/www.kaineder.at\/wordpress\/wp-json\/wp\/v2\/media?parent=6698"}],"wp:term":[{"taxonomy":"category","embeddable":true,"href":"https:\/\/www.kaineder.at\/wordpress\/wp-json\/wp\/v2\/categories?post=6698"},{"taxonomy":"post_tag","embeddable":true,"href":"https:\/\/www.kaineder.at\/wordpress\/wp-json\/wp\/v2\/tags?post=6698"}],"curies":[{"name":"wp","href":"https:\/\/api.w.org\/{rel}","templated":true}]}}