{"id":6712,"date":"2015-11-06T23:25:21","date_gmt":"2015-11-06T22:25:21","guid":{"rendered":"http:\/\/www.kaineder.at\/wordpress\/?p=6712"},"modified":"2018-01-03T19:07:52","modified_gmt":"2018-01-03T18:07:52","slug":"tag21-nach-der-mittagssuppe-ein-flotter-schritt","status":"publish","type":"post","link":"https:\/\/www.kaineder.at\/wordpress\/tag21-nach-der-mittagssuppe-ein-flotter-schritt\/","title":{"rendered":"Tag21: Nach der Mittagssuppe mit flottem Schritt"},"content":{"rendered":"<p><span style=\"color: #993300;\"><a href=\"http:\/\/www.kaineder.at\/wordpress\/wp-content\/uploads\/2015\/11\/21_quer_IMG_5140.jpg\"><img loading=\"lazy\" decoding=\"async\" class=\"alignright size-thumbnail wp-image-6720\" src=\"http:\/\/www.kaineder.at\/wordpress\/wp-content\/uploads\/2015\/11\/21_quer_IMG_5140-150x93.jpg\" alt=\"21_quer_IMG_5140\" width=\"150\" height=\"93\" srcset=\"https:\/\/www.kaineder.at\/wordpress\/wp-content\/uploads\/2015\/11\/21_quer_IMG_5140-150x93.jpg 150w, https:\/\/www.kaineder.at\/wordpress\/wp-content\/uploads\/2015\/11\/21_quer_IMG_5140-300x186.jpg 300w, https:\/\/www.kaineder.at\/wordpress\/wp-content\/uploads\/2015\/11\/21_quer_IMG_5140-900x559.jpg 900w, https:\/\/www.kaineder.at\/wordpress\/wp-content\/uploads\/2015\/11\/21_quer_IMG_5140.jpg 1000w\" sizes=\"auto, (max-width: 150px) 100vw, 150px\" \/><\/a><a href=\"http:\/\/www.kaineder.at\/wordpress\/wp-content\/uploads\/2015\/11\/21_querfeldein_IMG_5127.jpg\"><img loading=\"lazy\" decoding=\"async\" class=\"alignright size-thumbnail wp-image-6721\" src=\"http:\/\/www.kaineder.at\/wordpress\/wp-content\/uploads\/2015\/11\/21_querfeldein_IMG_5127-150x90.jpg\" alt=\"21_querfeldein_IMG_5127\" width=\"150\" height=\"90\" srcset=\"https:\/\/www.kaineder.at\/wordpress\/wp-content\/uploads\/2015\/11\/21_querfeldein_IMG_5127-150x90.jpg 150w, https:\/\/www.kaineder.at\/wordpress\/wp-content\/uploads\/2015\/11\/21_querfeldein_IMG_5127-300x180.jpg 300w, https:\/\/www.kaineder.at\/wordpress\/wp-content\/uploads\/2015\/11\/21_querfeldein_IMG_5127-900x540.jpg 900w, https:\/\/www.kaineder.at\/wordpress\/wp-content\/uploads\/2015\/11\/21_querfeldein_IMG_5127.jpg 1000w\" sizes=\"auto, (max-width: 150px) 100vw, 150px\" \/><\/a><a style=\"color: #993300;\" href=\"http:\/\/www.klimapilgern.at\" target=\"_blank\">#Klimapilgern<\/a><\/span> landet heute nach einer Direttissima durch Wiesen und Wald in der Familienpolitik. Der B\u00fcrgermeister h\u00f6chstpers\u00f6nlich ist uns bis zur Ortstafel entgegengegangen. Wir sind aber aus dem Wald \u00fcber die Wiesen kommend direkter in den Ort gekommen. Per Telefon haben wir sofort zusammengefunden. Josef Guggenberger f\u00fchrt uns auf den Platz vor den beiden Kirchen und dem Jungscharhaus. Fl\u00fcchtlinge bieten uns sofort Tee an. Zuerst wollen wir etwas \u00fcber die Gemeinde erfahren. 1.650 EinwohnerInnen. Das Leben &#8211; so der B\u00fcrgermeister &#8211; wird nach den Regeln des Marktes ausgerichtet. Es hat nur mehr die Wirtschaft etwas zu sagen. Alles wir monetarisiert. Mit unserem Klimapilgern f\u00fchlt er sich zutiefst verbunden. Die 1.000 km VIA NOVA, wo er im Vorstand ist, ist er auch schon selber gegangen.<br \/>\nDer Mann hat eine sympatische Einsch\u00e4tzung und Analyse des Ortes und der Gesellschaft geliefert. Zu hoher Ressourcenverbrauch bei uns entzieht den Menschen &#8222;dort&#8220; ihre Grundlage. Jetzt kommen sie und holen sich, was wir ihnen genommen haben. Dass wir hier helfen m\u00fcssen, ist selbstverst\u00e4ndlich. Ein kleines schwarzes M\u00e4dchen macht die ersten Fahrradfahrversuche neben uns. Die Mutter sitz<img loading=\"lazy\" decoding=\"async\" class=\"alignright size-thumbnail wp-image-6716\" src=\"http:\/\/www.kaineder.at\/wordpress\/wp-content\/uploads\/2015\/11\/21_guggenb_IMG_5156-150x102.jpg\" alt=\"21_guggenb_IMG_5156\" width=\"150\" height=\"102\" srcset=\"https:\/\/www.kaineder.at\/wordpress\/wp-content\/uploads\/2015\/11\/21_guggenb_IMG_5156-150x102.jpg 150w, https:\/\/www.kaineder.at\/wordpress\/wp-content\/uploads\/2015\/11\/21_guggenb_IMG_5156-300x204.jpg 300w, https:\/\/www.kaineder.at\/wordpress\/wp-content\/uploads\/2015\/11\/21_guggenb_IMG_5156-900x611.jpg 900w, https:\/\/www.kaineder.at\/wordpress\/wp-content\/uploads\/2015\/11\/21_guggenb_IMG_5156.jpg 1000w\" sizes=\"auto, (max-width: 150px) 100vw, 150px\" \/>t am Bankerl. Dann kommt das &#8222;<span style=\"color: #993300;\"><a style=\"color: #993300;\" href=\"http:\/\/www.berndorf.salzburg.at\/Berndorfer_Modell_3\" target=\"_blank\">Berndorfer Modell<\/a><\/span>&#8220; zur Sprache. Kurz: Eltern, die ihre Kinder daheim bis zum 3. Lebensjahr betreuen, bekommen eine Unterst\u00fctzung von der Gemeinde. Die Gemeinde hat aber auch eine Krabbelstube. Es besteht Wahlfreiheit. Die Diskussion ist er\u00f6ffnet und geht beim Tee im Fl\u00fcchtlingshaus intensiv weiter. Er will, dass auch Private von dem Steuergeld bekommen, das sonst nur in die Betreuungspl\u00e4tze der \u00f6ffentlichen Hand flie\u00dfen. Die famili\u00e4ren Strukturen festigen. Ich denke und bringe ein, dass es ein starkes und intensives Comm<img loading=\"lazy\" decoding=\"async\" class=\"alignright size-thumbnail wp-image-6717\" src=\"http:\/\/www.kaineder.at\/wordpress\/wp-content\/uploads\/2015\/11\/21_guggenbe_IMG_5162-150x95.jpg\" alt=\"21_guggenbe_IMG_5162\" width=\"150\" height=\"95\" srcset=\"https:\/\/www.kaineder.at\/wordpress\/wp-content\/uploads\/2015\/11\/21_guggenbe_IMG_5162-150x95.jpg 150w, https:\/\/www.kaineder.at\/wordpress\/wp-content\/uploads\/2015\/11\/21_guggenbe_IMG_5162-300x189.jpg 300w, https:\/\/www.kaineder.at\/wordpress\/wp-content\/uploads\/2015\/11\/21_guggenbe_IMG_5162-900x568.jpg 900w, https:\/\/www.kaineder.at\/wordpress\/wp-content\/uploads\/2015\/11\/21_guggenbe_IMG_5162.jpg 1000w\" sizes=\"auto, (max-width: 150px) 100vw, 150px\" \/>unity-Leben braucht, damit M\u00fctter oder V\u00e4ter nicht in der Einzelfamilie verkommen. Der ganze Ort ist gefragt, sich vor Ort neu zu vernetzen. Spannend. Die Diskussion zieht sich hin \u00fcber die n\u00e4chsten Stunden beim Gehen. Ich nehme auch mit, mit welcher Selbtverst\u00e4ndlichkeit hier Fl\u00fcchtlinge aufgenommen werden.<\/p>\n<p><strong>Seeblicke, Autol\u00e4rm und querfeldein<\/strong><\/p>\n<p><a href=\"http:\/\/www.kaineder.at\/wordpress\/wp-content\/uploads\/2015\/11\/21_salzburgerInnen_IMG_5173.jpg\"><img loading=\"lazy\" decoding=\"async\" class=\"alignright size-thumbnail wp-image-6718\" src=\"http:\/\/www.kaineder.at\/wordpress\/wp-content\/uploads\/2015\/11\/21_salzburgerInnen_IMG_5173-150x106.jpg\" alt=\"21_salzburgerInnen_IMG_5173\" width=\"150\" height=\"106\" srcset=\"https:\/\/www.kaineder.at\/wordpress\/wp-content\/uploads\/2015\/11\/21_salzburgerInnen_IMG_5173-150x106.jpg 150w, https:\/\/www.kaineder.at\/wordpress\/wp-content\/uploads\/2015\/11\/21_salzburgerInnen_IMG_5173-300x212.jpg 300w, https:\/\/www.kaineder.at\/wordpress\/wp-content\/uploads\/2015\/11\/21_salzburgerInnen_IMG_5173-900x635.jpg 900w, https:\/\/www.kaineder.at\/wordpress\/wp-content\/uploads\/2015\/11\/21_salzburgerInnen_IMG_5173.jpg 1000w\" sizes=\"auto, (max-width: 150px) 100vw, 150px\" \/><\/a>Die Sonne war heute wieder unsere Begleiterin. Die Tagespilgerinnen, darunter das <a href=\"http:\/\/www.kirchen.net\/kfb_v2\/page.asp?id=19451\" target=\"_blank\"><span style=\"color: #993300;\">kfb-Team der Erzdi\u00f6zese<\/span> <\/a>mit der Vorsitzenden Roswitha H\u00f6rl-Ga\u00dfner, Jakob von der <span style=\"color: #993300;\"><a style=\"color: #993300;\" href=\"http:\/\/www.dka.at\/ueber-uns\/team\/geschaeftsfuehrung\/\" target=\"_blank\">Dreik\u00f6nigsaktion<\/a><\/span>\u00a0oder Ingrid aus Bad Goisern, sind flotten Fusses unterwegs mit uns. Weil die Natur, der Blick auf die Seen so sch\u00f6n war, haben wir fast etwas gedr\u00f6delt. Nach der Mittagssuppe ging es daf\u00fcr flotten Schrittes am Fu\u00dfweg neben den Autos von Seeham nach Obertrum. Dort weiter \u00fcber G\u00fcterwege und querfeldein nach Elixhausen. Es war fast finster, als wir die Haust\u00fcr zu unserer Herberge um 17.20 Uhr durchschreiten. Davor machen wir den Ankommenskreis, sagen einander, wie wir den Tag erlebt haben und schlie\u00dfen mit einem Lied ab. Obwohl wir m\u00fcde sind, geht es noch nach Seekirchen zur Veranstaltung von &#8222;Klimab\u00fcndnis&#8220;. Nach der Veranstaltung sitzen wir bei <span style=\"color: #993300;\"><a style=\"color: #993300;\" href=\"https:\/\/de.wikipedia.org\/wiki\/G%C3%BCnter_Virt\" target=\"_blank\">Prof. G\u00fcnter Virt<\/a> <\/span>im &#8222;Stift&#8220;. Das Thema w\u00e4re aber jetzt zu ausladend, wenn ich das &#8222;Stift in Seekirchen&#8220; genauer erkl\u00e4ren m\u00fcsste. In jedem Fall &#8211; so Viert &#8211; waren &#8222;die Seekirchner immer sehr Rom treu und haben getan, was sie wollten. Auch Stifte gestiftet ohne r\u00f6mische Erlaubnis.&#8220; Aber jetzt zur\u00fcck zum Morgen.<\/p>\n<p><strong>1985 die erste Hackschnitzelanlage im Bundesland Salzburg<\/strong><\/p>\n<p><span style=\"color: #993300;\"><a href=\"http:\/\/www.kaineder.at\/wordpress\/wp-content\/uploads\/2015\/11\/21_morgen_IMG_5108.jpg\"><img loading=\"lazy\" decoding=\"async\" class=\"alignright size-thumbnail wp-image-6719\" src=\"http:\/\/www.kaineder.at\/wordpress\/wp-content\/uploads\/2015\/11\/21_morgen_IMG_5108-150x97.jpg\" alt=\"21_morgen_IMG_5108\" width=\"150\" height=\"97\" srcset=\"https:\/\/www.kaineder.at\/wordpress\/wp-content\/uploads\/2015\/11\/21_morgen_IMG_5108-150x97.jpg 150w, https:\/\/www.kaineder.at\/wordpress\/wp-content\/uploads\/2015\/11\/21_morgen_IMG_5108-300x194.jpg 300w, https:\/\/www.kaineder.at\/wordpress\/wp-content\/uploads\/2015\/11\/21_morgen_IMG_5108-900x583.jpg 900w, https:\/\/www.kaineder.at\/wordpress\/wp-content\/uploads\/2015\/11\/21_morgen_IMG_5108.jpg 1000w\" sizes=\"auto, (max-width: 150px) 100vw, 150px\" \/><\/a><a href=\"http:\/\/www.kaineder.at\/wordpress\/wp-content\/uploads\/2015\/11\/21_michlb_IMG_5086.jpg\"><img loading=\"lazy\" decoding=\"async\" class=\"alignright size-thumbnail wp-image-6722\" src=\"http:\/\/www.kaineder.at\/wordpress\/wp-content\/uploads\/2015\/11\/21_michlb_IMG_5086-150x113.jpg\" alt=\"21_michlb_IMG_5086\" width=\"150\" height=\"113\" srcset=\"https:\/\/www.kaineder.at\/wordpress\/wp-content\/uploads\/2015\/11\/21_michlb_IMG_5086-150x113.jpg 150w, https:\/\/www.kaineder.at\/wordpress\/wp-content\/uploads\/2015\/11\/21_michlb_IMG_5086-300x225.jpg 300w, https:\/\/www.kaineder.at\/wordpress\/wp-content\/uploads\/2015\/11\/21_michlb_IMG_5086-900x675.jpg 900w, https:\/\/www.kaineder.at\/wordpress\/wp-content\/uploads\/2015\/11\/21_michlb_IMG_5086.jpg 1000w\" sizes=\"auto, (max-width: 150px) 100vw, 150px\" \/><\/a><a style=\"color: #993300;\" href=\"http:\/\/www.abtei-michaelbeuern.at\/start.html\" target=\"_blank\">Abt Johannes<\/a> <\/span>hat sich Zeit zum Fr\u00fchst\u00fcck mit uns genommen. Dort hat er erz\u00e4hlt, was mein Kollege Robert <span style=\"color: #993300;\"><a style=\"color: #993300;\" href=\"http:\/\/www.ordensgemeinschaften.at\/2279-klimapilgern-schuetzen-durch-nutzen\" target=\"_blank\">in eine Presseaussendung verpackt<\/a> <\/span>hat. Die Abtei war ein Pionier in der Abkehr von fossilem Brennstoff. Biogas wird in der eigenen Landwirtschaft aus Abf\u00e4llen erzeugt. Photovoltaik geh\u00f6rt auch dazu. &#8222;Wir sind eine energie-autonome Abtei. Nicht autark, weil wir einspeisend und manchmal abnehmend am Netz h\u00e4ngen. Wir liefern aber mehr hinaus.&#8220; Diese Abtei packen wir in den <span style=\"color: #993300;\"><a style=\"color: #993300;\" href=\"http:\/\/klimapilgern.at\/category\/rucksack-der-alternativen\/\" target=\"_blank\">Rucksack der Alternativen<\/a><\/span>. Wir machen ein Foto mit den morgendlich Angereisten und wir sind wieder 12. Der Abt zeigt uns noch &#8222;den Einstieg&#8220; in die Direttissima durch das Tal und den kommenden Wald nach Berndorf. Unseren spirituellen Start machen wir mit einer M\u00e4nnergruppe rund um <span style=\"color: #993300;\"><a style=\"color: #993300;\" href=\"http:\/\/www.schulen.kreuzschwestern.at\/schulverein\/page\/779038400083614293_780187773555379113_780187773555379113,de.html\" target=\"_blank\">Andreas Pumberger<\/a> <\/span>von den Kreuzschwestern, die einen Tag gemeinsam unterwegs sein werden. Sch\u00f6n, wenn sich Wege treffen. Das war der sch\u00f6ne anschlu\u00dff\u00e4hige Tagesbeginn.<\/p>\n","protected":false},"excerpt":{"rendered":"<p>#Klimapilgern landet heute nach einer Direttissima durch Wiesen und Wald in der Familienpolitik. Der B\u00fcrgermeister h\u00f6chstpers\u00f6nlich ist uns bis zur Ortstafel entgegengegangen. Wir sind aber aus dem Wald \u00fcber die Wiesen kommend direkter in den Ort gekommen. Per Telefon haben wir sofort zusammengefunden. Josef Guggenberger f\u00fchrt uns auf den Platz vor den beiden Kirchen und &hellip; <\/p>\n<p><a class=\"more-link btn\" href=\"https:\/\/www.kaineder.at\/wordpress\/tag21-nach-der-mittagssuppe-ein-flotter-schritt\/\">Weiterlesen<\/a><\/p>\n","protected":false},"author":1,"featured_media":0,"comment_status":"closed","ping_status":"open","sticky":false,"template":"","format":"standard","meta":{"footnotes":""},"categories":[13,16,15,11,36,10,1],"tags":[86,88,72,85,25,35,82,87],"class_list":["post-6712","post","type-post","status-publish","format-standard","hentry","category-gehen-pilgern","category-lokal-detektive","category-zukunfstbilder","category-kommunikation-lotsen","category-orden-kirchen","category-philosophie-theologie","category-allgemein","tag-cop21","tag-klimagerechtigkeit","tag-klimapilgern","tag-klimapilgern_at","tag-orden","tag-ordensgemeinschaften","tag-paris","tag-pilgerweg","item-wrap"],"_links":{"self":[{"href":"https:\/\/www.kaineder.at\/wordpress\/wp-json\/wp\/v2\/posts\/6712","targetHints":{"allow":["GET"]}}],"collection":[{"href":"https:\/\/www.kaineder.at\/wordpress\/wp-json\/wp\/v2\/posts"}],"about":[{"href":"https:\/\/www.kaineder.at\/wordpress\/wp-json\/wp\/v2\/types\/post"}],"author":[{"embeddable":true,"href":"https:\/\/www.kaineder.at\/wordpress\/wp-json\/wp\/v2\/users\/1"}],"replies":[{"embeddable":true,"href":"https:\/\/www.kaineder.at\/wordpress\/wp-json\/wp\/v2\/comments?post=6712"}],"version-history":[{"count":5,"href":"https:\/\/www.kaineder.at\/wordpress\/wp-json\/wp\/v2\/posts\/6712\/revisions"}],"predecessor-version":[{"id":6724,"href":"https:\/\/www.kaineder.at\/wordpress\/wp-json\/wp\/v2\/posts\/6712\/revisions\/6724"}],"wp:attachment":[{"href":"https:\/\/www.kaineder.at\/wordpress\/wp-json\/wp\/v2\/media?parent=6712"}],"wp:term":[{"taxonomy":"category","embeddable":true,"href":"https:\/\/www.kaineder.at\/wordpress\/wp-json\/wp\/v2\/categories?post=6712"},{"taxonomy":"post_tag","embeddable":true,"href":"https:\/\/www.kaineder.at\/wordpress\/wp-json\/wp\/v2\/tags?post=6712"}],"curies":[{"name":"wp","href":"https:\/\/api.w.org\/{rel}","templated":true}]}}