{"id":6725,"date":"2015-11-07T23:55:47","date_gmt":"2015-11-07T22:55:47","guid":{"rendered":"http:\/\/www.kaineder.at\/wordpress\/?p=6725"},"modified":"2018-01-03T19:07:46","modified_gmt":"2018-01-03T18:07:46","slug":"tag22-der-umweg-bis-an-die-grenze","status":"publish","type":"post","link":"https:\/\/www.kaineder.at\/wordpress\/tag22-der-umweg-bis-an-die-grenze\/","title":{"rendered":"Tag22: Der Umweg bis an die Grenze"},"content":{"rendered":"<p><a href=\"http:\/\/www.kaineder.at\/wordpress\/wp-content\/uploads\/2015\/11\/22_regen_IMG_5209.jpg\"><img loading=\"lazy\" decoding=\"async\" class=\"alignright size-thumbnail wp-image-6729\" src=\"http:\/\/www.kaineder.at\/wordpress\/wp-content\/uploads\/2015\/11\/22_regen_IMG_5209-150x97.jpg\" alt=\"22_regen_IMG_5209\" width=\"150\" height=\"97\" srcset=\"https:\/\/www.kaineder.at\/wordpress\/wp-content\/uploads\/2015\/11\/22_regen_IMG_5209-150x97.jpg 150w, https:\/\/www.kaineder.at\/wordpress\/wp-content\/uploads\/2015\/11\/22_regen_IMG_5209-300x193.jpg 300w, https:\/\/www.kaineder.at\/wordpress\/wp-content\/uploads\/2015\/11\/22_regen_IMG_5209-900x580.jpg 900w, https:\/\/www.kaineder.at\/wordpress\/wp-content\/uploads\/2015\/11\/22_regen_IMG_5209.jpg 1000w\" sizes=\"auto, (max-width: 150px) 100vw, 150px\" \/><\/a>#Klimapilgern kommt an. Nachdem wir auf dem <span style=\"color: #993300;\"><a style=\"color: #993300;\" href=\"http:\/\/girlinggut.at\/biohof\/\" target=\"_blank\">Biohof Girlinggut<\/a><\/span> gut gefr\u00fchst\u00fcckt haben, machen wir uns auf den Weg zur Pfarrkirche Elixhausen. Dort starten wir mit einem Impuls. Das Wort, das uns Anja als Tagesverantwortliche f\u00fcr den letzten Tag mitgibt, ist: Perspektive. Gehen ver\u00e4ndert Perspektiven, unsere Welt braucht Perspektive und f\u00fcr unsere Kinder und Enkelkinder w\u00fcnschen wir uns eine Perspektive. Wir alle sind in diesem Augenblick nahe an den Tr\u00e4nen, weil uns der Gedanke an die Zukunft dieser Welt wirklich nahe geht, weil wir ihm tagelang nahe gegangen sind. Wir sp\u00fcren, dass es nicht selbstverst\u00e4ndlich ist, dass wir aus dem Wasserhahn trinken, in Sicherheit leben, eine &#8222;Perspektive haben&#8220;. Wir singen, denn das l\u00e4sst uns zusammenf\u00fchlen und &#8222;zusammenstimmen&#8220;. Es hat leicht zu regnen begonnen. Fast haben wir es vergessen, weil wir in diesen 22 Tagen nur ein Mal f\u00fcr zwei Stunden &#8222;gewaschen&#8220; wurden. Und das war am dritten Tag in Herzogenburg. Weit zur\u00fcck. Sonst immer trocken und oft die Sonne. Wir nehmen es als kleinen Wink, die Dankbarkeit nicht zu vergessen.<\/p>\n<p><strong>Das war einmal die Bundesstra\u00dfe<\/strong><\/p>\n<p><a href=\"http:\/\/www.kaineder.at\/wordpress\/wp-content\/uploads\/2015\/11\/22_bundesstrasse_IMG_5213.jpg\"><img loading=\"lazy\" decoding=\"async\" class=\"alignright size-thumbnail wp-image-6730\" src=\"http:\/\/www.kaineder.at\/wordpress\/wp-content\/uploads\/2015\/11\/22_bundesstrasse_IMG_5213-150x95.jpg\" alt=\"22_bundesstrasse_IMG_5213\" width=\"150\" height=\"95\" srcset=\"https:\/\/www.kaineder.at\/wordpress\/wp-content\/uploads\/2015\/11\/22_bundesstrasse_IMG_5213-150x95.jpg 150w, https:\/\/www.kaineder.at\/wordpress\/wp-content\/uploads\/2015\/11\/22_bundesstrasse_IMG_5213-300x191.jpg 300w, https:\/\/www.kaineder.at\/wordpress\/wp-content\/uploads\/2015\/11\/22_bundesstrasse_IMG_5213-900x572.jpg 900w, https:\/\/www.kaineder.at\/wordpress\/wp-content\/uploads\/2015\/11\/22_bundesstrasse_IMG_5213.jpg 1000w\" sizes=\"auto, (max-width: 150px) 100vw, 150px\" \/><\/a>Unser Ziel ist heute ein zweifaches. Wir gehen hinunter nach Bergheim. &#8222;Das war die alte Bundesstra\u00dfe von Salzburg nach Mattsee bis 1962.&#8220; Ein Oldtimer-Fan erz\u00e4hlt mir von fr\u00fcher. Neben dem Bach schl\u00e4ngelt sich eine Stra\u00dfe, die so breit ist wie ein Radweg. Weiter oben h\u00f6ren wir die Bundesstra\u00dfe. Ein Auto um das andere. Viele sehen darin eine besondere Entwicklung. Wachstum. Wohlstand. Freiheit. Mir kommt darob kein Jubel \u00fcber die Lippen. Durch Auseinanderfallen von Wohnen, Arbeiten und Freizeit inklusive Einkaufen braucht es Mobilit\u00e4t. Das Auto hat sich bei vielen als Status-Symbol etabliert. Wer heute mit dem Bus f\u00e4hrt, hat entweder den &#8222;Schein&#8220; abgeben m\u00fcssen, ist ein Sch\u00fcler oder Pensionist. Ein fast leerer Postbus f\u00e4hrt an uns vorbei. Und Autos hinterher. Ich wei\u00df: Nicht alle k\u00f6nnen auf das Auto verzichten, aber viele br\u00e4uchten nur im Kopf einen Schalter umlegen. \u00d6ffi vor Auto. Nicht zuerst an das Auto denken, sondern das Mobilit\u00e4tserfordernis kl\u00e4ren. Da w\u00e4re viel drinnen.<\/p>\n<p><strong>An die Grenze gehen<\/strong><\/p>\n<p><a href=\"http:\/\/www.kaineder.at\/wordpress\/wp-content\/uploads\/2015\/11\/22_grenze_IMG_5269.jpg\"><img loading=\"lazy\" decoding=\"async\" class=\"alignright size-thumbnail wp-image-6731\" src=\"http:\/\/www.kaineder.at\/wordpress\/wp-content\/uploads\/2015\/11\/22_grenze_IMG_5269-150x113.jpg\" alt=\"22_grenze_IMG_5269\" width=\"150\" height=\"113\" srcset=\"https:\/\/www.kaineder.at\/wordpress\/wp-content\/uploads\/2015\/11\/22_grenze_IMG_5269-150x113.jpg 150w, https:\/\/www.kaineder.at\/wordpress\/wp-content\/uploads\/2015\/11\/22_grenze_IMG_5269-300x225.jpg 300w, https:\/\/www.kaineder.at\/wordpress\/wp-content\/uploads\/2015\/11\/22_grenze_IMG_5269-900x675.jpg 900w, https:\/\/www.kaineder.at\/wordpress\/wp-content\/uploads\/2015\/11\/22_grenze_IMG_5269.jpg 1000w\" sizes=\"auto, (max-width: 150px) 100vw, 150px\" \/><\/a>Wir erreichen die Salzach. Der Regen hat l\u00e4ngst aufgeh\u00f6rt. Unser Ziel ist die Br\u00fccke bei Freilassing an der Salach. Hinter dem Messegel\u00e4nde schl\u00e4ngeln wir uns durch den Wald. Fast wie die Fl\u00fcchtlinge vertrauen wir darauf, richtig anzukommen. Es ist uns gelungen. Wir wollen bayrische Erde in unser Glasrohr dazugeben. Ukraine, Rum\u00e4nien, Ungarn, Wien, N\u00d6, O\u00d6, Salzburg und Bayern. Das sind jene L\u00e4nder, wo dieses Glasrohr, das wir als Zeichen der inneren Verbundenheit nach Paris mitnehmen, \u00fcberall war. Dann wissen wir, dass hier viele Fl\u00fcchtlinge auf den Grenz\u00fcbertritt warten. Noch einmal nehmen wir den etwa 8 km &#8222;Umweg&#8220; unter die F\u00fcsse, um unsere tiefe Solidarit\u00e4t zum Ausdruck zu bringen. Wir gehen, sind in Bewegung und hier sehen, erleben wir wieder, wie Menschen zum Warten gezwungen sind. Ich bin unruhig. Gen\u00fcgt es, immer wieder zu spenden und f\u00fcr und mit diesen Menschen den Pilgerweg der Gerechtigkeit zu gehen? Wir stehen <a href=\"http:\/\/www.kaineder.at\/wordpress\/wp-content\/uploads\/2015\/11\/22_fl\u00fcchlinge_IMG_5287.jpg\"><img loading=\"lazy\" decoding=\"async\" class=\"alignright size-thumbnail wp-image-6732\" src=\"http:\/\/www.kaineder.at\/wordpress\/wp-content\/uploads\/2015\/11\/22_fl\u00fcchlinge_IMG_5287-137x150.jpg\" alt=\"22_fl\u00fcchlinge_IMG_5287\" width=\"137\" height=\"150\" srcset=\"https:\/\/www.kaineder.at\/wordpress\/wp-content\/uploads\/2015\/11\/22_fl\u00fcchlinge_IMG_5287-137x150.jpg 137w, https:\/\/www.kaineder.at\/wordpress\/wp-content\/uploads\/2015\/11\/22_fl\u00fcchlinge_IMG_5287-274x300.jpg 274w, https:\/\/www.kaineder.at\/wordpress\/wp-content\/uploads\/2015\/11\/22_fl\u00fcchlinge_IMG_5287-900x986.jpg 900w, https:\/\/www.kaineder.at\/wordpress\/wp-content\/uploads\/2015\/11\/22_fl\u00fcchlinge_IMG_5287.jpg 913w\" sizes=\"auto, (max-width: 137px) 100vw, 137px\" \/><\/a>an der Grenze. Machen Fotos. Tiefe Dankbarkeit f\u00fcr den Weg und ein fast radikaler Auftrag, hier nicht stehen zu bleiben. Wir gehen zur\u00fcck in die Stadt. Es zieht uns in die kleine Kirche der Universit\u00e4tsklinik. Ich lege unser Transparent \u00fcber den Altar. Wir sagen einander und Gott ein Danke und singen den Sonnengesang. Umarmungen.<\/p>\n<p><strong>Sehnsucht nach daheim<\/strong><\/p>\n<p>In einem SMS an ein paar Menschen schreibe ich: &#8222;Nach fast 400 km zu Fuss pilgernd von Wien nach Salzburg sind wir &#8222;angekommen&#8220;. Klimagerechtigkeit ist unsere Intention und soziale Gerechtigkeit ist die Zwillingsschwester dazu. M\u00f6gen die Entscheider begreifen, das die Welt sich selbst (oder Gott) geh\u00f6rt und die KonsumentInnen wach und kritisch werden gegen\u00fcber allem &#8222;Wertlosen&#8220;. Es gen\u00fcgt nicht, Schlechtes besser zu machen. \u00a0Von Beginn an muss es gut sein. Danke f\u00fcr das Mitpilgern. So und so.&#8220; <a href=\"http:\/\/www.kaineder.at\/wordpress\/wp-content\/uploads\/2015\/11\/22_altar_IMG_5296.jpg\"><img loading=\"lazy\" decoding=\"async\" class=\"alignright size-thumbnail wp-image-6733\" src=\"http:\/\/www.kaineder.at\/wordpress\/wp-content\/uploads\/2015\/11\/22_altar_IMG_5296-150x113.jpg\" alt=\"22_altar_IMG_5296\" width=\"150\" height=\"113\" srcset=\"https:\/\/www.kaineder.at\/wordpress\/wp-content\/uploads\/2015\/11\/22_altar_IMG_5296-150x113.jpg 150w, https:\/\/www.kaineder.at\/wordpress\/wp-content\/uploads\/2015\/11\/22_altar_IMG_5296-300x225.jpg 300w, https:\/\/www.kaineder.at\/wordpress\/wp-content\/uploads\/2015\/11\/22_altar_IMG_5296-900x675.jpg 900w, https:\/\/www.kaineder.at\/wordpress\/wp-content\/uploads\/2015\/11\/22_altar_IMG_5296.jpg 1000w\" sizes=\"auto, (max-width: 150px) 100vw, 150px\" \/><\/a>Ingrid, Hannah, Jakob, Karin und wir Vier sitzen noch um einen Tisch im Gasthaus. Ankommen und Aufbruch liegen ganz nahe beieinander. Anjas Familie ist da und sie verlassen uns. Anja hat mit ihrem Impuls in den Morgenstunden <span style=\"color: #993300;\"><a style=\"color: #993300;\" href=\"http:\/\/klimapilgern.at\/impuls-es-braucht-uns\/\" target=\"_blank\">eine wunderbare &#8222;Zusammenfassung&#8220; <\/a><\/span>geschrieben. Rembert, Silvia und ich bleiben noch in Salzburg, um morgen um 15.30 Uhr in Itzling an der \u00f6kumenischen Sendungsfeier &#8222;Richtung Paris&#8220; teilzunehmen. Ich gestehe: Die Sehnsucht nach &#8222;daheim&#8220; ist wirklich gro\u00df. Ich sehe das Warten hier als Chance, zur Ruhe zu kommen, Res\u00fcmee zu ziehen, nach den vielen Gespr\u00e4chen am Weg zu schweigen, durchzuatmen, das Danke gro\u00df aufsteigen zu lassen.<\/p>\n<p>&nbsp;<\/p>\n","protected":false},"excerpt":{"rendered":"<p>#Klimapilgern kommt an. Nachdem wir auf dem Biohof Girlinggut gut gefr\u00fchst\u00fcckt haben, machen wir uns auf den Weg zur Pfarrkirche Elixhausen. Dort starten wir mit einem Impuls. Das Wort, das uns Anja als Tagesverantwortliche f\u00fcr den letzten Tag mitgibt, ist: Perspektive. Gehen ver\u00e4ndert Perspektiven, unsere Welt braucht Perspektive und f\u00fcr unsere Kinder und Enkelkinder w\u00fcnschen &hellip; <\/p>\n<p><a class=\"more-link btn\" href=\"https:\/\/www.kaineder.at\/wordpress\/tag22-der-umweg-bis-an-die-grenze\/\">Weiterlesen<\/a><\/p>\n","protected":false},"author":1,"featured_media":0,"comment_status":"closed","ping_status":"open","sticky":false,"template":"","format":"standard","meta":{"footnotes":""},"categories":[13,16,15,11,36,10,1],"tags":[86,88,72,85,25,35,82,87],"class_list":["post-6725","post","type-post","status-publish","format-standard","hentry","category-gehen-pilgern","category-lokal-detektive","category-zukunfstbilder","category-kommunikation-lotsen","category-orden-kirchen","category-philosophie-theologie","category-allgemein","tag-cop21","tag-klimagerechtigkeit","tag-klimapilgern","tag-klimapilgern_at","tag-orden","tag-ordensgemeinschaften","tag-paris","tag-pilgerweg","item-wrap"],"_links":{"self":[{"href":"https:\/\/www.kaineder.at\/wordpress\/wp-json\/wp\/v2\/posts\/6725","targetHints":{"allow":["GET"]}}],"collection":[{"href":"https:\/\/www.kaineder.at\/wordpress\/wp-json\/wp\/v2\/posts"}],"about":[{"href":"https:\/\/www.kaineder.at\/wordpress\/wp-json\/wp\/v2\/types\/post"}],"author":[{"embeddable":true,"href":"https:\/\/www.kaineder.at\/wordpress\/wp-json\/wp\/v2\/users\/1"}],"replies":[{"embeddable":true,"href":"https:\/\/www.kaineder.at\/wordpress\/wp-json\/wp\/v2\/comments?post=6725"}],"version-history":[{"count":4,"href":"https:\/\/www.kaineder.at\/wordpress\/wp-json\/wp\/v2\/posts\/6725\/revisions"}],"predecessor-version":[{"id":6734,"href":"https:\/\/www.kaineder.at\/wordpress\/wp-json\/wp\/v2\/posts\/6725\/revisions\/6734"}],"wp:attachment":[{"href":"https:\/\/www.kaineder.at\/wordpress\/wp-json\/wp\/v2\/media?parent=6725"}],"wp:term":[{"taxonomy":"category","embeddable":true,"href":"https:\/\/www.kaineder.at\/wordpress\/wp-json\/wp\/v2\/categories?post=6725"},{"taxonomy":"post_tag","embeddable":true,"href":"https:\/\/www.kaineder.at\/wordpress\/wp-json\/wp\/v2\/tags?post=6725"}],"curies":[{"name":"wp","href":"https:\/\/api.w.org\/{rel}","templated":true}]}}