{"id":6788,"date":"2015-12-13T17:54:03","date_gmt":"2015-12-13T16:54:03","guid":{"rendered":"http:\/\/www.kaineder.at\/wordpress\/?p=6788"},"modified":"2018-01-03T19:06:59","modified_gmt":"2018-01-03T18:06:59","slug":"cop21-weniger-als-zwei-grad","status":"publish","type":"post","link":"https:\/\/www.kaineder.at\/wordpress\/cop21-weniger-als-zwei-grad\/","title":{"rendered":"#COP21: Weniger als zwei Grad"},"content":{"rendered":"<div id=\"attachment_6790\" style=\"width: 150px\" class=\"wp-caption alignright\"><a href=\"http:\/\/www.kaineder.at\/wordpress\/wp-content\/uploads\/2015\/12\/rum1.jpg\" rel=\"attachment wp-att-6790\"><img loading=\"lazy\" decoding=\"async\" aria-describedby=\"caption-attachment-6790\" class=\"size-thumbnail wp-image-6790\" src=\"http:\/\/www.kaineder.at\/wordpress\/wp-content\/uploads\/2015\/12\/rum1-150x98.jpg\" alt=\"Magura in Rum\u00e4nien\" width=\"150\" height=\"98\" srcset=\"https:\/\/www.kaineder.at\/wordpress\/wp-content\/uploads\/2015\/12\/rum1-150x98.jpg 150w, https:\/\/www.kaineder.at\/wordpress\/wp-content\/uploads\/2015\/12\/rum1-300x195.jpg 300w, https:\/\/www.kaineder.at\/wordpress\/wp-content\/uploads\/2015\/12\/rum1-768x500.jpg 768w, https:\/\/www.kaineder.at\/wordpress\/wp-content\/uploads\/2015\/12\/rum1-900x586.jpg 900w, https:\/\/www.kaineder.at\/wordpress\/wp-content\/uploads\/2015\/12\/rum1.jpg 999w\" sizes=\"auto, (max-width: 150px) 100vw, 150px\" \/><\/a><p id=\"caption-attachment-6790\" class=\"wp-caption-text\">Magura in Rum\u00e4nien<\/p><\/div>\n<p>Die Unterschriften sind gesetzt. Der Text ist da.\u00a0<a href=\"http:\/\/derstandard.at\/2000027384785\/Klimakonferenz-Abschliessender-Entwurf-fuer-Abkommen-steht\" target=\"_blank\">195 Staaten bekennen sich zum Kampf gegen die Erderw\u00e4rmung<\/a> und Ziel ist ein Temperaturanstieg um weniger als zwei Grad. Als wir zu unserem <a href=\"http:\/\/www.kaineder.at\/wordpress\/kannst-du-ueberhaupt-noch-sitzen-ein-resuemee\/\" target=\"_blank\">Klimapilgern von Wien nach Salzburg<\/a> aufgebrochen sind, haben wir 1,5 Grad mitgetragen und einige haben gemeint: &#8222;Glaubst du wirklich, dass das etwas bringt?&#8220; Die Frage wischt man nicht einfach so weg. In einer durch\u00f6konomisierten und technokratisch verstandenen Zeit steht immer eine einzige Frage ganz zentral im Raum: Was bringt es? Ist der Preis nicht viel h\u00f6her als der Profit? Im Laufe der letzten Tage hat mich deshalb eine Aussage \u00fcber Twitter ziemlich anger\u00fchrt: Beim Weltklimagipfel #COP21 geht es gar nicht um \u00d6kologie, sondern um den Ausgleich der \u00f6konomischen Interessen. Viele Argumente, die wir von China bis in die USA geh\u00f6rt haben, gingen in diese Richtung: Es wird sich rechnen. Deshalb stimmen wir zu. Es wird ein Gesch\u00e4ftsmodell und damit Arbeitspl\u00e4tze bringen. Die Weltkugel war der runde oder besser abgerundete Tisch der \u00d6konomie.<\/p>\n<p><strong>In die Tiefe hinein verstanden?<\/strong><\/p>\n<p><a href=\"http:\/\/www.kaineder.at\/wordpress\/wp-content\/uploads\/2015\/12\/rum2.jpg\" rel=\"attachment wp-att-6792\"><img loading=\"lazy\" decoding=\"async\" class=\"alignright size-thumbnail wp-image-6792\" src=\"http:\/\/www.kaineder.at\/wordpress\/wp-content\/uploads\/2015\/12\/rum2-150x77.jpg\" alt=\"rum2\" width=\"150\" height=\"77\" srcset=\"https:\/\/www.kaineder.at\/wordpress\/wp-content\/uploads\/2015\/12\/rum2-150x77.jpg 150w, https:\/\/www.kaineder.at\/wordpress\/wp-content\/uploads\/2015\/12\/rum2-300x154.jpg 300w, https:\/\/www.kaineder.at\/wordpress\/wp-content\/uploads\/2015\/12\/rum2-768x394.jpg 768w, https:\/\/www.kaineder.at\/wordpress\/wp-content\/uploads\/2015\/12\/rum2-900x461.jpg 900w, https:\/\/www.kaineder.at\/wordpress\/wp-content\/uploads\/2015\/12\/rum2.jpg 999w\" sizes=\"auto, (max-width: 150px) 100vw, 150px\" \/><\/a>Manchmal denke ich mir, dass viele der Verantwortlichen und Staatenlenker den tiefen Kern des behutsamen und achtsamen Umganges mit dieser Welt, den Menschen, mit unserer Mitwelt, wie es Papst Franziskus in <a href=\"http:\/\/de.radiovaticana.va\/news\/2015\/06\/18\/volltext_der_enzyklika_laudato_si%E2%80%99\/1152216\" target=\"_blank\">#LaudatoSi<\/a> bezeichnet, nicht verstanden haben. Sie bleiben an \u00c4u\u00dferlichkeiten h\u00e4ngen, die sie in den Vertragsverhandlungen hin und herschieben. Das tun sie fast ausschlie\u00dflich unter dem Aspekt des Eigennutzens. Ich war ja nicht dabei, aber medial wurden S\u00e4tze dieser Art nie in den Vordergrund ger\u00fcckt: &#8222;Die Welt und Erde geh\u00f6rt sich selber. Wie sind hier G\u00e4ste und nicht Ausbeuter, Tyrannen. \u00a0Die Welt wird ihren Weg gehen. Die Frage bleibt, ob sie den Menschen behalten will. Nicht wir gestalten Welt, sondern die tiefe Weisheit der \u00d6kologie der Erde soll unsere Weisheit werden. Es kommt auf jeden und jede an.&#8220; Aber: Auch wenn die tiefe innere \u00f6kologische Spiritualit\u00e4t nicht wirklich zur Sprache gekommen ist, so haben doch alle 195 Staaten zumindest verstanden, dass Klimaerw\u00e4rmung und Klimagerechtigkeit keine Fiktionen sind, sondern Realit\u00e4t, die uns zum Handeln f\u00fchren m\u00fcssen. Das technokratisch ausbeuterische Zugehen auf die Welt bringt uns um unsere Lebensgrundlagen. Beispiel China und die Luftverschmutzung. Wenn ich dann die <a href=\"http:\/\/www.kathpress.at\/goto\/meldung\/1329188\/freude-ueber-klimaabkommen-aber-zerstoerung-ist-schon-gross\" target=\"_blank\">verschiedenen Kommentare und Einsch\u00e4tzungen<\/a> lese, denke ich manchmal: Das <a href=\"http:\/\/www.klimapilgern.at\" target=\"_blank\">Klimapilgern<\/a> hat &#8222;gewirkt&#8220;. Anders als vieles heute l\u00e4uft: Nicht \u00e4u\u00dferlich, sondern in der tiefen spirituellen Verbindung von innen her hat Respekt und die Achtsamkeit der Welt und dem Menschen gegen\u00fcber gef\u00f6rdert. Ein klein wenig. Und jetzt ist es festgeschrieben. Gott sei Dank. Und wir gehen weiter. Tag f\u00fcr Tag in neuer Achtsamkeit, dem Menschen und der Welt gegen\u00fcber. Es ist also kein Aufatmen, sondern ein Durchatmen zum Weitergehen.<\/p>\n","protected":false},"excerpt":{"rendered":"<p>Die Unterschriften sind gesetzt. Der Text ist da.\u00a0195 Staaten bekennen sich zum Kampf gegen die Erderw\u00e4rmung und Ziel ist ein Temperaturanstieg um weniger als zwei Grad. Als wir zu unserem Klimapilgern von Wien nach Salzburg aufgebrochen sind, haben wir 1,5 Grad mitgetragen und einige haben gemeint: &#8222;Glaubst du wirklich, dass das etwas bringt?&#8220; Die Frage &hellip; <\/p>\n<p><a class=\"more-link btn\" href=\"https:\/\/www.kaineder.at\/wordpress\/cop21-weniger-als-zwei-grad\/\">Weiterlesen<\/a><\/p>\n","protected":false},"author":1,"featured_media":0,"comment_status":"closed","ping_status":"open","sticky":false,"template":"","format":"standard","meta":{"footnotes":""},"categories":[13,16,15,11,14,10],"tags":[86,88],"class_list":["post-6788","post","type-post","status-publish","format-standard","hentry","category-gehen-pilgern","category-lokal-detektive","category-zukunfstbilder","category-kommunikation-lotsen","category-gemeinschaften-konnektive","category-philosophie-theologie","tag-cop21","tag-klimagerechtigkeit","item-wrap"],"_links":{"self":[{"href":"https:\/\/www.kaineder.at\/wordpress\/wp-json\/wp\/v2\/posts\/6788","targetHints":{"allow":["GET"]}}],"collection":[{"href":"https:\/\/www.kaineder.at\/wordpress\/wp-json\/wp\/v2\/posts"}],"about":[{"href":"https:\/\/www.kaineder.at\/wordpress\/wp-json\/wp\/v2\/types\/post"}],"author":[{"embeddable":true,"href":"https:\/\/www.kaineder.at\/wordpress\/wp-json\/wp\/v2\/users\/1"}],"replies":[{"embeddable":true,"href":"https:\/\/www.kaineder.at\/wordpress\/wp-json\/wp\/v2\/comments?post=6788"}],"version-history":[{"count":5,"href":"https:\/\/www.kaineder.at\/wordpress\/wp-json\/wp\/v2\/posts\/6788\/revisions"}],"predecessor-version":[{"id":6795,"href":"https:\/\/www.kaineder.at\/wordpress\/wp-json\/wp\/v2\/posts\/6788\/revisions\/6795"}],"wp:attachment":[{"href":"https:\/\/www.kaineder.at\/wordpress\/wp-json\/wp\/v2\/media?parent=6788"}],"wp:term":[{"taxonomy":"category","embeddable":true,"href":"https:\/\/www.kaineder.at\/wordpress\/wp-json\/wp\/v2\/categories?post=6788"},{"taxonomy":"post_tag","embeddable":true,"href":"https:\/\/www.kaineder.at\/wordpress\/wp-json\/wp\/v2\/tags?post=6788"}],"curies":[{"name":"wp","href":"https:\/\/api.w.org\/{rel}","templated":true}]}}