{"id":7267,"date":"2016-10-26T07:41:03","date_gmt":"2016-10-26T06:41:03","guid":{"rendered":"http:\/\/www.kaineder.at\/wordpress\/?p=7267"},"modified":"2018-01-03T19:01:55","modified_gmt":"2018-01-03T18:01:55","slug":"den-gesellschaftlichen-zusammenhalt-staerken","status":"publish","type":"post","link":"https:\/\/www.kaineder.at\/wordpress\/den-gesellschaftlichen-zusammenhalt-staerken\/","title":{"rendered":"Den gesellschaftlichen Zusammenhalt st\u00e4rken"},"content":{"rendered":"<p><a href=\"http:\/\/www.kaineder.at\/wordpress\/den-gesellschaftlichen-zusammenhalt-staerken\/900img_2675\/\" rel=\"attachment wp-att-7270\"><img loading=\"lazy\" decoding=\"async\" class=\"alignright size-thumbnail wp-image-7270\" src=\"http:\/\/www.kaineder.at\/wordpress\/wp-content\/uploads\/2016\/10\/900IMG_2675-150x113.jpg\" alt=\"900img_2675\" width=\"150\" height=\"113\" srcset=\"https:\/\/www.kaineder.at\/wordpress\/wp-content\/uploads\/2016\/10\/900IMG_2675-150x113.jpg 150w, https:\/\/www.kaineder.at\/wordpress\/wp-content\/uploads\/2016\/10\/900IMG_2675-300x225.jpg 300w, https:\/\/www.kaineder.at\/wordpress\/wp-content\/uploads\/2016\/10\/900IMG_2675-768x576.jpg 768w, https:\/\/www.kaineder.at\/wordpress\/wp-content\/uploads\/2016\/10\/900IMG_2675.jpg 900w\" sizes=\"auto, (max-width: 150px) 100vw, 150px\" \/><\/a>&#8222;Wo der gesellschaftliche Zusammenhalt gef\u00e4hrdet ist, muss das Empfinden von Gerechtigkeit gest\u00e4rkt werden&#8220;, wird in roten und fetten Buchstaben im <a href=\"https:\/\/www.publik-forum.de\/\" target=\"_blank\">Publik Forum<\/a> vom 21. Oktober 2016 aus dem Artikel &#8222;Was die Gesellschaft wirklich zusammenh\u00e4lt&#8220; hervorgehoben. Eine andere Beobachtung habe ich gestern in Wien gemacht. Sowohl beim Burgtheater als auch bei uns vor dem B\u00fcro in der Freyung wurden Panzer und milit\u00e4rische Ger\u00e4te in Stellung gebracht. Als Zivildiener der ersten Stunden rund um die Zivildienstkommission 1975 steigen da nat\u00fcrlich besondere Gef\u00fchle und Assoziationen hoch. Besorgte. Der Magnetismus von Panzer und Co. wird jedes Jahr rund um den Nationalfeiertag zelebriert und sichtbar gemacht. Aber was steckt dahinter?<\/p>\n<p><strong>Gerechtigkeitsempfinden f\u00f6rdern<\/strong><\/p>\n<p>Ich komme zum Interview ins Publik Forum zur\u00fcck. Die Frage ist entscheidend f\u00fcr unsere &#8222;auseinander fallende Gesellschaft&#8220;, &#8222;die Vereinzelung der Interessen&#8220;, &#8222;die digital klammernde und zittrige Dauerkommunikation&#8220; und den Hochgesang auf die &#8222;Individualit\u00e4t mit erweiterbarer Komfortzone&#8220;: <a href=\"https:\/\/www.publik-forum.de\/Politik-Gesellschaft\/was-die-gesellschaft-wirklich-zusammenhaelt\" target=\"_blank\">Was h\u00e4lt die Gesellschaft wirklich zusammen? <\/a>Der Philosoph <a href=\"https:\/\/www.uni-erfurt.de\/uni\/news\/archiv\/2015\/vordenker-in-sachen-religion-und-moderne-hans-joas-bekommt-den-max-planck-forschungspreis\/\" target=\"_blank\">Hans Joas <\/a>relativiert die Ansicht, dass es die Werte sind, die zusammenhalten: &#8222;Es braucht viel mehr.&#8220; Ganz klar benennt er drei Faktoren, die diesen Zusammenhalt in einer Gesellschaft positiv st\u00e4rken oder in der Negativvariante gef\u00e4hrden. Was h\u00e4lt Gesellschaft wirklich zusammen? &#8222;Erstens: ein von allen erlebter wirtschaftlicher Erfolg.&#8220; Und er erinnert an die Nachkriegszeit, wo f\u00fcr alle der Aufstieg und Aufschwung erlebbar war. Ohne den wirtschaftlichen Aufschwung w\u00e4re die \u00a0neue Demokratie vielleicht gar nicht entstanden. &#8222;Zweitens: Die Menschen m\u00fcssen die Gesellschaft als gerecht erleben.&#8220; Wo der Zusammenhalt gef\u00e4hrdet ist, muss alles getan werden, um das Gerechtigkeitsempfinden wieder herbeizuf\u00fchren etwa durch Umverteilung oder Partizipationsm\u00f6glichkeiten. Jonas findet die Verm\u00f6gensverteilung in Deutschland &#8222;skandal\u00f6s&#8220;. Aus meiner Sicht wird Gerechtigkeit heute nicht nur durch die Ungleichheit gest\u00f6rt, sondern auch durch das Verhalten der Reichen, der &#8222;Oberen&#8220;, die glauben, \u00a0dass Gesetze f\u00fcr sie nicht gelten. Sie setzen sich \u00fcber alles hinweg, was f\u00fcr alle gilt. Das ist das wirklich &#8222;Skandal\u00f6se&#8220;. Und Jonas weiter: &#8222;Drittens ein Beispiel, das keiner h\u00f6ren will, das aber empirisch zwingend ist: Milit\u00e4rische Erfolge eines Landes tragen zum gesellschaftlichen Zusammenhalt bei.&#8220; Und jetzt bin ich wieder beim <a href=\"http:\/\/orf.at\/stories\/2363793\/2363809\/\" target=\"_blank\">Burgtheater und in der Freyung<\/a> in Wien bei den Panzern und Co. In den letzten Wochen und Monaten hat der neue Verteidigungsminister Doskozil eine &#8222;aufgeweckte Identit\u00e4t und Aufgabenstellung&#8220; f\u00fcr das Bundesheer herausgestrichen. Irgendwie wird mir etwas bange in unserem \u00d6sterreich, wenn auf diese Weise der Zusammenhalt \u00fcber das Milit\u00e4r gest\u00e4rkt werden soll. Dabei w\u00e4re bei &#8222;Zweitens: Gerechtigkeit&#8220; ein so weites Feld.<\/p>\n","protected":false},"excerpt":{"rendered":"<p>&#8222;Wo der gesellschaftliche Zusammenhalt gef\u00e4hrdet ist, muss das Empfinden von Gerechtigkeit gest\u00e4rkt werden&#8220;, wird in roten und fetten Buchstaben im Publik Forum vom 21. Oktober 2016 aus dem Artikel &#8222;Was die Gesellschaft wirklich zusammenh\u00e4lt&#8220; hervorgehoben. Eine andere Beobachtung habe ich gestern in Wien gemacht. Sowohl beim Burgtheater als auch bei uns vor dem B\u00fcro in &hellip; <\/p>\n<p><a class=\"more-link btn\" href=\"https:\/\/www.kaineder.at\/wordpress\/den-gesellschaftlichen-zusammenhalt-staerken\/\">Weiterlesen<\/a><\/p>\n","protected":false},"author":1,"featured_media":0,"comment_status":"closed","ping_status":"open","sticky":false,"template":"","format":"standard","meta":{"footnotes":""},"categories":[16,15,11,14,10,1],"tags":[],"class_list":["post-7267","post","type-post","status-publish","format-standard","hentry","category-lokal-detektive","category-zukunfstbilder","category-kommunikation-lotsen","category-gemeinschaften-konnektive","category-philosophie-theologie","category-allgemein","item-wrap"],"_links":{"self":[{"href":"https:\/\/www.kaineder.at\/wordpress\/wp-json\/wp\/v2\/posts\/7267","targetHints":{"allow":["GET"]}}],"collection":[{"href":"https:\/\/www.kaineder.at\/wordpress\/wp-json\/wp\/v2\/posts"}],"about":[{"href":"https:\/\/www.kaineder.at\/wordpress\/wp-json\/wp\/v2\/types\/post"}],"author":[{"embeddable":true,"href":"https:\/\/www.kaineder.at\/wordpress\/wp-json\/wp\/v2\/users\/1"}],"replies":[{"embeddable":true,"href":"https:\/\/www.kaineder.at\/wordpress\/wp-json\/wp\/v2\/comments?post=7267"}],"version-history":[{"count":4,"href":"https:\/\/www.kaineder.at\/wordpress\/wp-json\/wp\/v2\/posts\/7267\/revisions"}],"predecessor-version":[{"id":7272,"href":"https:\/\/www.kaineder.at\/wordpress\/wp-json\/wp\/v2\/posts\/7267\/revisions\/7272"}],"wp:attachment":[{"href":"https:\/\/www.kaineder.at\/wordpress\/wp-json\/wp\/v2\/media?parent=7267"}],"wp:term":[{"taxonomy":"category","embeddable":true,"href":"https:\/\/www.kaineder.at\/wordpress\/wp-json\/wp\/v2\/categories?post=7267"},{"taxonomy":"post_tag","embeddable":true,"href":"https:\/\/www.kaineder.at\/wordpress\/wp-json\/wp\/v2\/tags?post=7267"}],"curies":[{"name":"wp","href":"https:\/\/api.w.org\/{rel}","templated":true}]}}