{"id":7276,"date":"2016-11-27T20:44:37","date_gmt":"2016-11-27T19:44:37","guid":{"rendered":"http:\/\/www.kaineder.at\/wordpress\/?p=7276"},"modified":"2018-01-03T19:01:50","modified_gmt":"2018-01-03T18:01:50","slug":"radikale-veraenderung-aus-dem-inneren","status":"publish","type":"post","link":"https:\/\/www.kaineder.at\/wordpress\/radikale-veraenderung-aus-dem-inneren\/","title":{"rendered":"Radikale Ver\u00e4nderung aus dem Inneren"},"content":{"rendered":"<p><a href=\"http:\/\/www.kaineder.at\/wordpress\/radikale-veraenderung-aus-dem-inneren\/1_img_2988\/\" rel=\"attachment wp-att-7280\"><img loading=\"lazy\" decoding=\"async\" class=\"alignright size-thumbnail wp-image-7280\" src=\"http:\/\/www.kaineder.at\/wordpress\/wp-content\/uploads\/2016\/11\/1_IMG_2988-150x113.jpg\" alt=\"1_img_2988\" width=\"150\" height=\"113\" srcset=\"https:\/\/www.kaineder.at\/wordpress\/wp-content\/uploads\/2016\/11\/1_IMG_2988-150x113.jpg 150w, https:\/\/www.kaineder.at\/wordpress\/wp-content\/uploads\/2016\/11\/1_IMG_2988-300x225.jpg 300w, https:\/\/www.kaineder.at\/wordpress\/wp-content\/uploads\/2016\/11\/1_IMG_2988-768x576.jpg 768w, https:\/\/www.kaineder.at\/wordpress\/wp-content\/uploads\/2016\/11\/1_IMG_2988.jpg 900w\" sizes=\"auto, (max-width: 150px) 100vw, 150px\" \/><\/a>Es ist noch sehr fr\u00fch. Erster Adventsonntag. Mangels Bus aus dem Bergdorf bin ich mit dem Auto nach <a href=\"https:\/\/www.dioezese-linz.at\/pfarre\/4434\" target=\"_blank\">Ungenach<\/a> zum M\u00e4nnertag der KMB unterwegs. Es f\u00e4hrt sich einfach, weil noch ganz wenige Leute unterwegs sind. In V\u00f6cklabruck komme ich am Bahnhof vorbei und sehe das gro\u00dfe Stahlgebilde, das ich schon \u00f6fters vom Bahnhof kommend &#8222;auf der anderen Seite&#8220; ohne gro\u00dfe Wahrnehmung gesehen habe. Heute taucht es rechts im Blickfeld auf, Bremse und Blinker sind sofort aktiviert. Die beiden ineinander liegenden Pfeile haben mich &#8222;angesprungen&#8220;. Wahrscheinlich auch gesteuert durch die Gedankeng\u00e4nge zum kommenden Vortrag bei den M\u00e4nnern in Ungenach. &#8222;Schw\u00e4chelt das Christentum? \u00a0Steht das Ende der christlichen Kultur bevor?&#8220; Auf Facebook haben Freunde schon Hilfreiches dazu gepostet und damit der Themenstellung die &#8222;bedrohliche Apokalyptik&#8220; genommen. In dieser Stahlskulptur ist mir fr\u00fch am Morgen die &#8222;L\u00f6sung&#8220; entgegengekommen. Es ist wie beim Gehen. Das Leben und die L\u00f6sungen kommen dir entgegen. Ich habe Fotos gemacht, habe die Skulptur angeschaut, von allen Seiten. Und immer wieder ist in mir die Aussage aufgestiegen: &#8222;Radikale Ver\u00e4nderung aus dem Inneren&#8220;. Aus dem Innersten des Stahlst\u00fcckes wird ein Pfeil herausgenommen und wieder eingesetzt, in die ganz andere Richtung weisend. Das sp\u00fcre ich in dieser Gesellschaft immer wieder, dass aus dem Innersten, dem Kern ein gro\u00dfes St\u00fcck herausgenommen werden sollte und in die andere Richtung eingesetzt werden m\u00fcsste, damit wir eine gute Zukunft f\u00fcr alle Menschen haben, nicht nur f\u00fcr wenige.<\/p>\n<p><strong>Christen m\u00fcssen Atheisten sein<\/strong><\/p>\n<p><a href=\"http:\/\/www.kaineder.at\/wordpress\/radikale-veraenderung-aus-dem-inneren\/2_img_2990\/\" rel=\"attachment wp-att-7281\"><img loading=\"lazy\" decoding=\"async\" class=\"alignright size-thumbnail wp-image-7281\" src=\"http:\/\/www.kaineder.at\/wordpress\/wp-content\/uploads\/2016\/11\/2_IMG_2990-150x113.jpg\" alt=\"2_img_2990\" width=\"150\" height=\"113\" srcset=\"https:\/\/www.kaineder.at\/wordpress\/wp-content\/uploads\/2016\/11\/2_IMG_2990-150x113.jpg 150w, https:\/\/www.kaineder.at\/wordpress\/wp-content\/uploads\/2016\/11\/2_IMG_2990-300x225.jpg 300w, https:\/\/www.kaineder.at\/wordpress\/wp-content\/uploads\/2016\/11\/2_IMG_2990-768x576.jpg 768w, https:\/\/www.kaineder.at\/wordpress\/wp-content\/uploads\/2016\/11\/2_IMG_2990.jpg 900w\" sizes=\"auto, (max-width: 150px) 100vw, 150px\" \/><\/a>Inspiriert von dieser Skulptur bin ich im Vortrag ein paar Gedanken nachgegangen, die ich mit den etwa 50 M\u00e4nnern geteilt habe. Ich wollte &#8222;Basics f\u00fcr den Rucksack in Richtung Zukunft zusammenrichten&#8220;, damit\u00a0 f\u00fcr jeden einzelnen und zusammen als Community ein gutes Gehen m\u00f6glich ist. Vorausgeschickt habe ich einige &#8222;Betrachtungsweisen&#8220;: Ist das Christentum jetzt mehr Thermostat oder Thermometer? Dann: Die wirklich bestimmende und dominierende Religion heute ist die Geld-Religion, die den Mammon als allseits verehrten &#8222;Gott&#8220; f\u00fchrt. Also: Es wird auch von uns Christen ein gro\u00dfes St\u00fcck &#8222;Atheismus&#8220; verlangt gegen\u00fcber diesen Mammon-Religionen. Gemeinsam haben wir beobachtet, dass heute die Rituale zum Gro\u00dfteil von der Gesundheits-, Wellness- und Medienwelt kreiert und praktiziert werden. Individuelle Gesundheit wird als das h\u00f6chste Gut gesehen und zum Beispiel weniger das gemeinsame Wohlergehen im Gemeinwesen. Und Christentum triftet da zumindest zeitweise ab in diese &#8222;Wellness-Schiene&#8220;. Dann schw\u00e4chelt es.<\/p>\n<p><strong>Advent in diese Richtung<\/strong><\/p>\n<p><a href=\"http:\/\/www.kaineder.at\/wordpress\/radikale-veraenderung-aus-dem-inneren\/3_img_2995\/\" rel=\"attachment wp-att-7282\"><img loading=\"lazy\" decoding=\"async\" class=\"alignright size-thumbnail wp-image-7282\" src=\"http:\/\/www.kaineder.at\/wordpress\/wp-content\/uploads\/2016\/11\/3_IMG_2995-150x113.jpg\" alt=\"3_img_2995\" width=\"150\" height=\"113\" srcset=\"https:\/\/www.kaineder.at\/wordpress\/wp-content\/uploads\/2016\/11\/3_IMG_2995-150x113.jpg 150w, https:\/\/www.kaineder.at\/wordpress\/wp-content\/uploads\/2016\/11\/3_IMG_2995-300x225.jpg 300w, https:\/\/www.kaineder.at\/wordpress\/wp-content\/uploads\/2016\/11\/3_IMG_2995-768x576.jpg 768w, https:\/\/www.kaineder.at\/wordpress\/wp-content\/uploads\/2016\/11\/3_IMG_2995.jpg 900w\" sizes=\"auto, (max-width: 150px) 100vw, 150px\" \/><\/a>Dem Buch von Ilia Trojanov &#8222;<a href=\"http:\/\/trojanow.de\/der-ueberfluessige-mensch\/\" target=\"_blank\">Der \u00fcberfl\u00fcssige Mensch<\/a>&#8220; haben wir dann weiten Raum gegeben. Auch von Bischof Kr\u00e4utler habe ich erz\u00e4hlt, dass in Brasilien in offiziellen Dokumenten des Staates die indigenen V\u00f6lker im Tropenwald dem Tierreich zugeordnet werden. Nochmals, weil so unglaublich: dem Tierreich zugeordnet. Menschen werden nicht als Menschen gesehen, die W\u00fcrde abgesprochen und als &#8222;\u00fcberfl\u00fcssig erkl\u00e4rt&#8220;. Wenn sich heute Caritas als Anwalt f\u00fcr diese Menschen sieht und agiert, wenn Papst Franziskus sich, sein Amt und die Kirche an diese R\u00e4nder f\u00fchrt, dann ist Christentum &#8222;stark&#8220;. Und so haben wir an diesem Vormittag unsere Gedanken, Erfahrungen und Einsch\u00e4tzungen unter uns M\u00e4nnern &#8222;geteilt&#8220; mit dem Finale, &#8222;dass christlich inspiriertes Leben immer anschlussf\u00e4hig ist, geradezu neugierig dem Fremden gegen\u00fcber und in dieser Synapsenf\u00e4higkeit prophetisch in der Gesellschaft, in jedem Gemeinwesen wirkt&#8220;. Gesellschaft braucht uns jesuanisch gepr\u00e4gte Christen. Warum? Mehr denn je braucht es Menschen, die das einfache, vom Wohlstands-Schrott befreite Leben als gutes Leben wagen. Wirklich tiefes gemeinschaftliches Leben hat uns die Geld-Religion &#8222;ausgetrieben&#8220;. Der Mensch wird gerade zum User und \u00a0Konsumenten degradiert und das braucht ein tiefes, hellwaches Bewusstsein daf\u00fcr, dass wir B\u00fcrger, Menschen sind. Au\u00dferdem: Es braucht unseren Einsatz am Rand entlang und wieder einige Mutige, die den Weg zum Thermostat suchen und wieder hinaufdrehen, damit die soziale K\u00e4lte nicht weiter Platz greift.<br \/>\nAu\u00dferdem: Es ist erster Adventsonntag und es brennt die erste Kerze &#8222;in diese Richtung&#8220;.<br \/>\nUnd: Danke den M\u00e4nnern von Ungenach f\u00fcr diesen inspirierenden Vormittag.<br \/>\nEine besondere Freude war es, dass ich Pfarrer Josef Friedl daheim bei ihm begegnet bin. Wie geht es? &#8222;Den Umst\u00e4nden entsprechend. Bin zufrieden.&#8220;<\/p>\n<p>&nbsp;<\/p>\n","protected":false},"excerpt":{"rendered":"<p>Es ist noch sehr fr\u00fch. Erster Adventsonntag. Mangels Bus aus dem Bergdorf bin ich mit dem Auto nach Ungenach zum M\u00e4nnertag der KMB unterwegs. Es f\u00e4hrt sich einfach, weil noch ganz wenige Leute unterwegs sind. In V\u00f6cklabruck komme ich am Bahnhof vorbei und sehe das gro\u00dfe Stahlgebilde, das ich schon \u00f6fters vom Bahnhof kommend &#8222;auf &hellip; <\/p>\n<p><a class=\"more-link btn\" href=\"https:\/\/www.kaineder.at\/wordpress\/radikale-veraenderung-aus-dem-inneren\/\">Weiterlesen<\/a><\/p>\n","protected":false},"author":1,"featured_media":0,"comment_status":"closed","ping_status":"open","sticky":false,"template":"","format":"standard","meta":{"footnotes":""},"categories":[13,16,36,14,10,1],"tags":[],"class_list":["post-7276","post","type-post","status-publish","format-standard","hentry","category-gehen-pilgern","category-lokal-detektive","category-orden-kirchen","category-gemeinschaften-konnektive","category-philosophie-theologie","category-allgemein","item-wrap"],"_links":{"self":[{"href":"https:\/\/www.kaineder.at\/wordpress\/wp-json\/wp\/v2\/posts\/7276","targetHints":{"allow":["GET"]}}],"collection":[{"href":"https:\/\/www.kaineder.at\/wordpress\/wp-json\/wp\/v2\/posts"}],"about":[{"href":"https:\/\/www.kaineder.at\/wordpress\/wp-json\/wp\/v2\/types\/post"}],"author":[{"embeddable":true,"href":"https:\/\/www.kaineder.at\/wordpress\/wp-json\/wp\/v2\/users\/1"}],"replies":[{"embeddable":true,"href":"https:\/\/www.kaineder.at\/wordpress\/wp-json\/wp\/v2\/comments?post=7276"}],"version-history":[{"count":8,"href":"https:\/\/www.kaineder.at\/wordpress\/wp-json\/wp\/v2\/posts\/7276\/revisions"}],"predecessor-version":[{"id":7287,"href":"https:\/\/www.kaineder.at\/wordpress\/wp-json\/wp\/v2\/posts\/7276\/revisions\/7287"}],"wp:attachment":[{"href":"https:\/\/www.kaineder.at\/wordpress\/wp-json\/wp\/v2\/media?parent=7276"}],"wp:term":[{"taxonomy":"category","embeddable":true,"href":"https:\/\/www.kaineder.at\/wordpress\/wp-json\/wp\/v2\/categories?post=7276"},{"taxonomy":"post_tag","embeddable":true,"href":"https:\/\/www.kaineder.at\/wordpress\/wp-json\/wp\/v2\/tags?post=7276"}],"curies":[{"name":"wp","href":"https:\/\/api.w.org\/{rel}","templated":true}]}}