{"id":7394,"date":"2017-02-25T16:26:49","date_gmt":"2017-02-25T15:26:49","guid":{"rendered":"http:\/\/www.kaineder.at\/wordpress\/?p=7394"},"modified":"2018-01-03T19:00:43","modified_gmt":"2018-01-03T18:00:43","slug":"die-ohnmacht-hat-keinen-platz","status":"publish","type":"post","link":"https:\/\/www.kaineder.at\/wordpress\/die-ohnmacht-hat-keinen-platz\/","title":{"rendered":"Die Ohnmacht hat keinen Platz"},"content":{"rendered":"<p><a href=\"http:\/\/www.kaineder.at\/wordpress\/die-ohnmacht-hat-keinen-platz\/900_img_4215\/\" rel=\"attachment wp-att-7402\"><img loading=\"lazy\" decoding=\"async\" class=\"alignright size-thumbnail wp-image-7402\" src=\"http:\/\/www.kaineder.at\/wordpress\/wp-content\/uploads\/2017\/02\/900_IMG_4215-150x81.jpg\" alt=\"\" width=\"150\" height=\"81\" srcset=\"https:\/\/www.kaineder.at\/wordpress\/wp-content\/uploads\/2017\/02\/900_IMG_4215-150x81.jpg 150w, https:\/\/www.kaineder.at\/wordpress\/wp-content\/uploads\/2017\/02\/900_IMG_4215-300x162.jpg 300w, https:\/\/www.kaineder.at\/wordpress\/wp-content\/uploads\/2017\/02\/900_IMG_4215-768x416.jpg 768w, https:\/\/www.kaineder.at\/wordpress\/wp-content\/uploads\/2017\/02\/900_IMG_4215.jpg 950w\" sizes=\"auto, (max-width: 150px) 100vw, 150px\" \/><\/a>Diese Woche durfte ich an der mehrt\u00e4gigen <a href=\"http:\/\/religion.orf.at\/stories\/2827564\/\" target=\"_blank\">Tagung der H\u00f6heren Oberinnen in V\u00f6cklabruck <\/a>teilnehmen. Im <a href=\"https:\/\/www.kathpress.at\/goto\/meldung\/1474877\/theologe-ordensleben-steht-fuer-leichtigkeit-des-seins\" target=\"_blank\">Studienteil <\/a>ging es um &#8222;Krise&#8220; und was diese Krise noch versch\u00e4rft: Die Verweigerung, sich der Wirklichkeit zu stellen. Daher meine immerw\u00e4hrende Empfehlung: Ungeschminkt hinschauen. Wir wissen die Schlagworte: \u00dcberalterung, Nachwuchsmangel, Relevanzverlust und schwindende Vitalit\u00e4t. Papst Franziskus spricht die Situation immer wieder direkt an. Wir haben es bei den meisten Ordensgemeinschaften nicht mit Start-Ups zu tun, sondern mit verantwortungsvollen Tr\u00e4gerinnen und Tr\u00e4ger gro\u00dfer sozialer und spiritueller Ideen aus der Vergangenheit, die sich ins Jetzt, Heute und Morgen transformieren und bew\u00e4hren m\u00fcssen. Da sind <a href=\"http:\/\/www.ordensgemeinschaften.at\/angebote\" target=\"_blank\">Werke wie Spit\u00e4ler, Schulen, soziale Einrichtungen, Kultur- und Wirtschaftsbetriebe<\/a> herausgewachsen, die tausenden Mitarbeiterinnen und Mitarbeitern Wertsch\u00e4tzung, sinnvolle Besch\u00e4ftigung und eine Zugeh\u00f6rigkeit geben. Arbeit mit Lebenssinn. Gelingt das nicht, stirbt viel. Wer die <a href=\"https:\/\/youtu.be\/fmOffST1j6w\" target=\"_blank\">Geschichte des M\u00f6nchtums und der Orden <\/a>etwas nachschauen will, dem empfehle ich dieses <a href=\"https:\/\/youtu.be\/fmOffST1j6w\" target=\"_blank\">&#8222;leichte und kurze Video&#8220;<\/a>.<\/p>\n<p><strong>Die Welt offen halten f\u00fcr die Ohnmacht<\/strong><\/p>\n<p><a href=\"http:\/\/www.kaineder.at\/wordpress\/die-ohnmacht-hat-keinen-platz\/img_3694\/\" rel=\"attachment wp-att-7404\"><img loading=\"lazy\" decoding=\"async\" class=\"alignright size-thumbnail wp-image-7404\" src=\"http:\/\/www.kaineder.at\/wordpress\/wp-content\/uploads\/2017\/02\/IMG_3694-150x64.jpg\" alt=\"\" width=\"150\" height=\"64\" srcset=\"https:\/\/www.kaineder.at\/wordpress\/wp-content\/uploads\/2017\/02\/IMG_3694-150x64.jpg 150w, https:\/\/www.kaineder.at\/wordpress\/wp-content\/uploads\/2017\/02\/IMG_3694-300x129.jpg 300w, https:\/\/www.kaineder.at\/wordpress\/wp-content\/uploads\/2017\/02\/IMG_3694-768x329.jpg 768w, https:\/\/www.kaineder.at\/wordpress\/wp-content\/uploads\/2017\/02\/IMG_3694.jpg 950w\" sizes=\"auto, (max-width: 150px) 100vw, 150px\" \/><\/a>Heute lese ich auf FB bei der VP O\u00d6 aus Freude \u00fcber die neuesten positiven Umfragen: &#8222;Gekommen um Vollgas zu geben &#8230;&#8220; und &#8222;Es kann nur eine Nummer 1 geben&#8220;. Das sind Ansagen, die m\u00f6gen ihre Wirkung im politischen Bereich entfalten. Diese &#8222;Sieger-Spreche&#8220; ist motivierend, aber genauso entlarvend. Wer Vollgas f\u00e4hrt, kann keine Kurve mehr machen. Geschweige denn umdrehen, wenn es etwa in die falsche Richtung geht. Vollgas hei\u00dft, linear beschleunigen wollen. Und Geschwindigkeit nimmt das gr\u00f6\u00dfte St\u00fcck Wirklichkeit aus dem &#8222;Rennen&#8220;. Jene Wirklichkeit, die kein Rennen, keine Meisterschaft, keine Sieger, kein Fortkommen kennt: die Ohnmacht. Die Wirklichkeit der Orden ist auch in gewisser Weise ein St\u00fcck Ohnmacht. Der\u00a0<a href=\"http:\/\/www.ordensgemeinschaften.at\/3159-frauenorden-sich-der-krise-stellen-und-ohnmachtserfahrung-als-provokante-antwort\" target=\"_blank\">Beitrag &#8222;Ohnmachtserfahrungen als provokante Antwort&#8220; <\/a>hat mir selbst in der Erstellung ein St\u00fcck &#8222;Ohnmachtserfahrung&#8220; eingebracht. Wie diese tiefe Erfahrung von Ohnmacht zur Sprache bringen in einer Welt des dahinrasenden Stillstands?<\/p>\n<p><strong>Gott ist in der Ohnmacht<\/strong><\/p>\n<p><a href=\"http:\/\/www.kaineder.at\/wordpress\/die-ohnmacht-hat-keinen-platz\/dsc06908\/\" rel=\"attachment wp-att-7407\"><img loading=\"lazy\" decoding=\"async\" class=\"alignright size-thumbnail wp-image-7407\" src=\"http:\/\/www.kaineder.at\/wordpress\/wp-content\/uploads\/2017\/02\/DSC06908-150x113.jpg\" alt=\"\" width=\"150\" height=\"113\" srcset=\"https:\/\/www.kaineder.at\/wordpress\/wp-content\/uploads\/2017\/02\/DSC06908-150x113.jpg 150w, https:\/\/www.kaineder.at\/wordpress\/wp-content\/uploads\/2017\/02\/DSC06908-300x225.jpg 300w, https:\/\/www.kaineder.at\/wordpress\/wp-content\/uploads\/2017\/02\/DSC06908.jpg 700w\" sizes=\"auto, (max-width: 150px) 100vw, 150px\" \/><\/a>Ein Kranker, eine Arbeitslose oder ein Bettl\u00e4griger kann mit Vollgas tats\u00e4chlich wenig anfangen. Es ist das tiefe Gef\u00fchl der Ohnmacht, des Ausgeliefert-Seins oder der Nutzlosigkeit. Der einzige Wunsch, der solche Menschen begleitet: Macht die Welt ein St\u00fcck langsamer, aufmerksamer f\u00fcr die Wirklichkeit, dass dann und wann jemand mit mir ein St\u00fcck meines schweren Weges gehen kann, ohne dass er oder sie den Anschluss zu verlieren. Es hat mich wieder erinnert, dass der Dienst der (Ordens-)Christinnen und -christen nicht an den Siegerstra\u00dfen gefragt ist, sondern in den Ohnmachtsgegenden. Dort haben die Orden begonnen. Von dort weg ist nat\u00fcrlich die Stimme zu erheben gegen die strukturelle S\u00fcnde der Sieger. Im Gespr\u00e4ch miteinander wird man sich klarer, worauf es ankommt: Dieses Aushalten in der Liebe in den Ohnmachtssituationen mit den Menschen ist die Kreuzerfahrung. Das Kreuz, die Ohnmacht ist so unsere Wirklichkeit. Diese Wirklichkeit braucht ihren Platz, ihre Wahrnehmung, den Respekt und jede &#8222;Aufrichtung&#8220;. Christsein hei\u00dft daher nicht, sich mit Gott einzurichten, sondern sich an Gott auszurichten. Und Gott selbst war in der Ohnmacht &#8211; am Kreuz. Die Fastenzeit kann uns das bewusster machen. Es geht weniger um Verzicht, sondern um Liebe in diesen Gegenden. Den Verzicht ist keine Tugend an sich, sondern die Folge der Liebe.<\/p>\n","protected":false},"excerpt":{"rendered":"<p>Diese Woche durfte ich an der mehrt\u00e4gigen Tagung der H\u00f6heren Oberinnen in V\u00f6cklabruck teilnehmen. Im Studienteil ging es um &#8222;Krise&#8220; und was diese Krise noch versch\u00e4rft: Die Verweigerung, sich der Wirklichkeit zu stellen. Daher meine immerw\u00e4hrende Empfehlung: Ungeschminkt hinschauen. Wir wissen die Schlagworte: \u00dcberalterung, Nachwuchsmangel, Relevanzverlust und schwindende Vitalit\u00e4t. Papst Franziskus spricht die Situation immer &hellip; <\/p>\n<p><a class=\"more-link btn\" href=\"https:\/\/www.kaineder.at\/wordpress\/die-ohnmacht-hat-keinen-platz\/\">Weiterlesen<\/a><\/p>\n","protected":false},"author":1,"featured_media":0,"comment_status":"closed","ping_status":"open","sticky":false,"template":"","format":"standard","meta":{"footnotes":""},"categories":[16,15,12,36,10,1],"tags":[],"class_list":["post-7394","post","type-post","status-publish","format-standard","hentry","category-lokal-detektive","category-zukunfstbilder","category-social-media","category-orden-kirchen","category-philosophie-theologie","category-allgemein","item-wrap"],"_links":{"self":[{"href":"https:\/\/www.kaineder.at\/wordpress\/wp-json\/wp\/v2\/posts\/7394","targetHints":{"allow":["GET"]}}],"collection":[{"href":"https:\/\/www.kaineder.at\/wordpress\/wp-json\/wp\/v2\/posts"}],"about":[{"href":"https:\/\/www.kaineder.at\/wordpress\/wp-json\/wp\/v2\/types\/post"}],"author":[{"embeddable":true,"href":"https:\/\/www.kaineder.at\/wordpress\/wp-json\/wp\/v2\/users\/1"}],"replies":[{"embeddable":true,"href":"https:\/\/www.kaineder.at\/wordpress\/wp-json\/wp\/v2\/comments?post=7394"}],"version-history":[{"count":10,"href":"https:\/\/www.kaineder.at\/wordpress\/wp-json\/wp\/v2\/posts\/7394\/revisions"}],"predecessor-version":[{"id":7408,"href":"https:\/\/www.kaineder.at\/wordpress\/wp-json\/wp\/v2\/posts\/7394\/revisions\/7408"}],"wp:attachment":[{"href":"https:\/\/www.kaineder.at\/wordpress\/wp-json\/wp\/v2\/media?parent=7394"}],"wp:term":[{"taxonomy":"category","embeddable":true,"href":"https:\/\/www.kaineder.at\/wordpress\/wp-json\/wp\/v2\/categories?post=7394"},{"taxonomy":"post_tag","embeddable":true,"href":"https:\/\/www.kaineder.at\/wordpress\/wp-json\/wp\/v2\/tags?post=7394"}],"curies":[{"name":"wp","href":"https:\/\/api.w.org\/{rel}","templated":true}]}}