{"id":7620,"date":"2017-09-11T13:19:28","date_gmt":"2017-09-11T12:19:28","guid":{"rendered":"http:\/\/www.kaineder.at\/wordpress\/?p=7620"},"modified":"2018-01-03T18:58:44","modified_gmt":"2018-01-03T17:58:44","slug":"rumaenien-ist-einfach-und-schoen","status":"publish","type":"post","link":"https:\/\/www.kaineder.at\/wordpress\/rumaenien-ist-einfach-und-schoen\/","title":{"rendered":"Rum\u00e4nien ist einfach und sch\u00f6n, einfach sch\u00f6n"},"content":{"rendered":"<p><a href=\"http:\/\/www.kaineder.at\/wordpress\/rumaenien-ist-einfach-und-schoen\/1_cimg3485\/\" rel=\"attachment wp-att-7628\"><img loading=\"lazy\" decoding=\"async\" class=\"alignright size-thumbnail wp-image-7628\" src=\"http:\/\/www.kaineder.at\/wordpress\/wp-content\/uploads\/2017\/09\/1_CIMG3485-150x113.jpg\" alt=\"\" width=\"150\" height=\"113\" srcset=\"https:\/\/www.kaineder.at\/wordpress\/wp-content\/uploads\/2017\/09\/1_CIMG3485-150x113.jpg 150w, https:\/\/www.kaineder.at\/wordpress\/wp-content\/uploads\/2017\/09\/1_CIMG3485-300x225.jpg 300w, https:\/\/www.kaineder.at\/wordpress\/wp-content\/uploads\/2017\/09\/1_CIMG3485-768x576.jpg 768w, https:\/\/www.kaineder.at\/wordpress\/wp-content\/uploads\/2017\/09\/1_CIMG3485.jpg 1000w\" sizes=\"auto, (max-width: 150px) 100vw, 150px\" \/><\/a><a href=\"http:\/\/www.kaineder.at\/wordpress\/rumaenien-ist-einfach-und-schoen\/2_img_8703\/\" rel=\"attachment wp-att-7629\"><img loading=\"lazy\" decoding=\"async\" class=\"alignright size-thumbnail wp-image-7629\" src=\"http:\/\/www.kaineder.at\/wordpress\/wp-content\/uploads\/2017\/09\/2_IMG_8703-150x113.jpg\" alt=\"\" width=\"150\" height=\"113\" srcset=\"https:\/\/www.kaineder.at\/wordpress\/wp-content\/uploads\/2017\/09\/2_IMG_8703-150x113.jpg 150w, https:\/\/www.kaineder.at\/wordpress\/wp-content\/uploads\/2017\/09\/2_IMG_8703-300x225.jpg 300w, https:\/\/www.kaineder.at\/wordpress\/wp-content\/uploads\/2017\/09\/2_IMG_8703-768x576.jpg 768w, https:\/\/www.kaineder.at\/wordpress\/wp-content\/uploads\/2017\/09\/2_IMG_8703.jpg 1000w\" sizes=\"auto, (max-width: 150px) 100vw, 150px\" \/><\/a>Welt anschauen ist immer das Ziel, wenn wir mit <span style=\"color: #ff6600;\"><a href=\"http:\/\/www.weltanschauen.at\/\" target=\"_blank\" rel=\"noopener\">Weltanschauen<\/a><\/span> unterwegs sind. Schon vor einigen Tagen sind wir alle 27 TeilnehmerInnen wieder vollst\u00e4ndig und gut von unserer \u00f6kologisch fundierten Reise &#8222;<a href=\"http:\/\/www.weltanschauen.at\/einfach-pilgern-in-der-natur-siebenbuumlrgens.html\" target=\"_blank\" rel=\"noopener\">Einfach Pilgern in Siebenb\u00fcrgen<\/a>&#8220; mit dem Zug zur\u00fcckgekehrt. Ein Teilnehmer hat geschrieben: &#8222;Nochmals herzlichen Dank f\u00fcr Organisation und F\u00fchrung, aber so ganz wei\u00df ich noch nicht, wie ich das alles in meinem Inneren einsortieren werde.&#8220; Das zeugt von tiefgreifenden Erfahrungen auf den 150 Kilometern am Marienweg von Tg Mures nach Schomlenberg (Csiksomlyo), das &#8222;Mariazell der Ungarn in Rum\u00e4nien&#8220;. \u00dcber 200.000 Ungarinnen und Ungarn finden sich dort am Pfingstsamstag zur gro\u00dfen Feier ein. \u00a0Sind dann doch etwas mehr als in Mariazell, wie wir festgestellt haben. Der &#8222;<a href=\"http:\/\/www.mariaut.ro\/?q=node\/139&amp;language=en\" target=\"_blank\" rel=\"noopener\">Marienweg<\/a>&#8220; verbindet beide Pilgerziele. Ein Teilst\u00fcck sind wir gegangen, gepilgert, gewandert.<\/p>\n<h3>Die Kraft der Gruppe<\/h3>\n<p><a href=\"http:\/\/www.kaineder.at\/wordpress\/rumaenien-ist-einfach-und-schoen\/3_img_8808\/\" rel=\"attachment wp-att-7630\"><img loading=\"lazy\" decoding=\"async\" class=\"alignright size-thumbnail wp-image-7630\" src=\"http:\/\/www.kaineder.at\/wordpress\/wp-content\/uploads\/2017\/09\/3_IMG_8808-150x113.jpg\" alt=\"\" width=\"150\" height=\"113\" srcset=\"https:\/\/www.kaineder.at\/wordpress\/wp-content\/uploads\/2017\/09\/3_IMG_8808-150x113.jpg 150w, https:\/\/www.kaineder.at\/wordpress\/wp-content\/uploads\/2017\/09\/3_IMG_8808-300x225.jpg 300w, https:\/\/www.kaineder.at\/wordpress\/wp-content\/uploads\/2017\/09\/3_IMG_8808-768x576.jpg 768w, https:\/\/www.kaineder.at\/wordpress\/wp-content\/uploads\/2017\/09\/3_IMG_8808.jpg 1000w\" sizes=\"auto, (max-width: 150px) 100vw, 150px\" \/><\/a> <a href=\"http:\/\/www.kaineder.at\/wordpress\/rumaenien-ist-einfach-und-schoen\/8_img_9047\/\" rel=\"attachment wp-att-7631\"><img loading=\"lazy\" decoding=\"async\" class=\"alignright size-thumbnail wp-image-7631\" src=\"http:\/\/www.kaineder.at\/wordpress\/wp-content\/uploads\/2017\/09\/8_IMG_9047-150x110.jpg\" alt=\"\" width=\"150\" height=\"110\" srcset=\"https:\/\/www.kaineder.at\/wordpress\/wp-content\/uploads\/2017\/09\/8_IMG_9047-150x110.jpg 150w, https:\/\/www.kaineder.at\/wordpress\/wp-content\/uploads\/2017\/09\/8_IMG_9047-300x219.jpg 300w, https:\/\/www.kaineder.at\/wordpress\/wp-content\/uploads\/2017\/09\/8_IMG_9047-768x561.jpg 768w, https:\/\/www.kaineder.at\/wordpress\/wp-content\/uploads\/2017\/09\/8_IMG_9047.jpg 1000w\" sizes=\"auto, (max-width: 150px) 100vw, 150px\" \/><\/a>Am letzten Tag sind f\u00fcnf Leute vom Team des Marienweges mitgepilgert. Sie wollten einfach sehen, wie die gr\u00f6\u00dfte internationale Pilgergruppe unterwegs ist, die noch dazu ihre Rucks\u00e4cke selber tragen. F\u00fcr mich selbstverst\u00e4ndlich. Wie geht sonst <a href=\"http:\/\/www.ordensgemeinschaften.at\/wesentlich\/1570-videoreihe-viel-mehr-wesentlich-weniger-ist-jetzt-komplett\" target=\"_blank\" rel=\"noopener\">das Weniger<\/a>, wenn ich meinen Rucksack ohnehin dem Shuttle-Dienst \u00fcbergeben k\u00f6nnte. Ihre erste Frage nachher in kleiner Runde mir gegen\u00fcber war: &#8222;Wann habt ihr die Lieder geprobt?&#8220; &#8222;Gar nicht, sie waren einfach da.&#8220; Ich betone, dass ich es als besonderes Geschenk betrachte, wenn in einer aus ganz \u00d6sterreich frei zusammengew\u00fcrfelten Gruppe gleich mehrstimmige Lieder &#8222;da&#8220; sind. So wie das Singen, so hat uns das Gehen (\u00fcbrigens 4,5 km\/h durchschnittlich ohne Pausen), haben uns die Gespr\u00e4che, das Zusammenstehen und die Impulse zusammengef\u00fchrt und zusammengehalten. &#8222;Ich habe gehofft, dass ich es schaffe. Und jetzt stehe ich da.&#8220; Das Essen schmeckt besser in der Gruppe und das Gehen wird &#8222;leichter&#8220;.<\/p>\n<h3>Die Einfachheit<\/h3>\n<p>&nbsp;<\/p>\n<p><img loading=\"lazy\" decoding=\"async\" class=\"alignright size-thumbnail wp-image-7632\" src=\"http:\/\/www.kaineder.at\/wordpress\/wp-content\/uploads\/2017\/09\/4_IMG_8845-150x113.jpg\" alt=\"\" width=\"150\" height=\"113\" srcset=\"https:\/\/www.kaineder.at\/wordpress\/wp-content\/uploads\/2017\/09\/4_IMG_8845-150x113.jpg 150w, https:\/\/www.kaineder.at\/wordpress\/wp-content\/uploads\/2017\/09\/4_IMG_8845-300x225.jpg 300w, https:\/\/www.kaineder.at\/wordpress\/wp-content\/uploads\/2017\/09\/4_IMG_8845-768x576.jpg 768w, https:\/\/www.kaineder.at\/wordpress\/wp-content\/uploads\/2017\/09\/4_IMG_8845.jpg 1000w\" sizes=\"auto, (max-width: 150px) 100vw, 150px\" \/><\/p>\n<p><a href=\"http:\/\/www.kaineder.at\/wordpress\/rumaenien-ist-einfach-und-schoen\/7_img_9021\/\" rel=\"attachment wp-att-7633\"><img loading=\"lazy\" decoding=\"async\" class=\"alignright size-thumbnail wp-image-7633\" src=\"http:\/\/www.kaineder.at\/wordpress\/wp-content\/uploads\/2017\/09\/7_IMG_9021-150x113.jpg\" alt=\"\" width=\"150\" height=\"113\" srcset=\"https:\/\/www.kaineder.at\/wordpress\/wp-content\/uploads\/2017\/09\/7_IMG_9021-150x113.jpg 150w, https:\/\/www.kaineder.at\/wordpress\/wp-content\/uploads\/2017\/09\/7_IMG_9021-300x225.jpg 300w, https:\/\/www.kaineder.at\/wordpress\/wp-content\/uploads\/2017\/09\/7_IMG_9021-768x576.jpg 768w, https:\/\/www.kaineder.at\/wordpress\/wp-content\/uploads\/2017\/09\/7_IMG_9021.jpg 1000w\" sizes=\"auto, (max-width: 150px) 100vw, 150px\" \/><\/a>Ich selbst habe mir in der Einsiedelei den Luxus geg\u00f6nnt und bin mit der Zahnb\u00fcrste in aller Fr\u00fche zum 200 Meter entfernten Brunnen gegangen. Das einzige Wasser. Da sp\u00fcre ich, wie wesentlich diese Einfachheit wird. Und vieles wurde uns am Weg &#8222;wertvoll&#8220;, weil es so einfach und doch &#8211; wie beim Essen &#8211; so gut war. Einfache Matratzen, der K\u00fcbel als Dusche, das &#8222;Stadtcafe&#8220; im Dorf ein kleiner Mini-Mix-Laden. Da lernst du den Kaffee besonders sch\u00e4tzen, weil er auf einmal unvermutet da ist. Ein Mann kommt mit seinem Pferdefuhrwerk vorbei, sein Sohn mit dabei, geht ins Gesch\u00e4ft, kauft sich f\u00fcnf Eis und ein Bier, gibt alles in ein Sackerl und sie fahren weg. Es war Sonntag. Das war der Sonntag in der Familie. Und da g\u00e4be es noch viele Beispiele, die wir gesehen, erlebt, bewundert, bestaunt haben.<\/p>\n<h3>Die Selbstversorgung<\/h3>\n<p><a href=\"http:\/\/www.kaineder.at\/wordpress\/rumaenien-ist-einfach-und-schoen\/5_img_8872\/\" rel=\"attachment wp-att-7634\"><img loading=\"lazy\" decoding=\"async\" class=\"alignright size-thumbnail wp-image-7634\" src=\"http:\/\/www.kaineder.at\/wordpress\/wp-content\/uploads\/2017\/09\/5_IMG_8872-150x103.jpg\" alt=\"\" width=\"150\" height=\"103\" srcset=\"https:\/\/www.kaineder.at\/wordpress\/wp-content\/uploads\/2017\/09\/5_IMG_8872-150x103.jpg 150w, https:\/\/www.kaineder.at\/wordpress\/wp-content\/uploads\/2017\/09\/5_IMG_8872-300x206.jpg 300w, https:\/\/www.kaineder.at\/wordpress\/wp-content\/uploads\/2017\/09\/5_IMG_8872-768x526.jpg 768w, https:\/\/www.kaineder.at\/wordpress\/wp-content\/uploads\/2017\/09\/5_IMG_8872.jpg 1000w\" sizes=\"auto, (max-width: 150px) 100vw, 150px\" \/><\/a> <a href=\"http:\/\/www.kaineder.at\/wordpress\/rumaenien-ist-einfach-und-schoen\/6_img_8953\/\" rel=\"attachment wp-att-7635\"><img loading=\"lazy\" decoding=\"async\" class=\"alignright size-thumbnail wp-image-7635\" src=\"http:\/\/www.kaineder.at\/wordpress\/wp-content\/uploads\/2017\/09\/6_IMG_8953-150x96.jpg\" alt=\"\" width=\"150\" height=\"96\" srcset=\"https:\/\/www.kaineder.at\/wordpress\/wp-content\/uploads\/2017\/09\/6_IMG_8953-150x96.jpg 150w, https:\/\/www.kaineder.at\/wordpress\/wp-content\/uploads\/2017\/09\/6_IMG_8953-300x192.jpg 300w, https:\/\/www.kaineder.at\/wordpress\/wp-content\/uploads\/2017\/09\/6_IMG_8953-768x492.jpg 768w, https:\/\/www.kaineder.at\/wordpress\/wp-content\/uploads\/2017\/09\/6_IMG_8953.jpg 1000w\" sizes=\"auto, (max-width: 150px) 100vw, 150px\" \/><\/a>Durch die D\u00f6rfer gehend haben wir die Selbstversorgung &#8222;studiert&#8220;. Praktisch hatte jedes Haus alles im und rund um das Haus. G\u00e4rten, Wiesen, Felder und die entsprechenden Tiere. Alles da. Wenn nicht die korrupte Regierung alles an den Westen verkauft, sehen wir hier das \u00f6kologische Wirtschaften der Zukunft. #LaudatoSi Hier k\u00f6nnen alle \u00fcberleben, auch wenn der Supermarkt geschlossen hat. Tagelang <a href=\"https:\/\/de.wikipedia.org\/wiki\/Subsistenz\" target=\"_blank\" rel=\"noopener\">Subsistenzwirtschaft<\/a>. Und so nebenbei erw\u00e4hne ich, dass wir uns in keiner Sekunde irgendwie &#8222;bedroht&#8220; gef\u00fchlt haben. Eher das Gegenteil: Unglaublich freundliche Menschen.<\/p>\n<h3>Die Ungleichheit<\/h3>\n<p><a href=\"http:\/\/www.kaineder.at\/wordpress\/rumaenien-ist-einfach-und-schoen\/9_img_9079\/\" rel=\"attachment wp-att-7636\"><img loading=\"lazy\" decoding=\"async\" class=\"alignright size-thumbnail wp-image-7636\" src=\"http:\/\/www.kaineder.at\/wordpress\/wp-content\/uploads\/2017\/09\/9_IMG_9079-150x113.jpg\" alt=\"\" width=\"150\" height=\"113\" srcset=\"https:\/\/www.kaineder.at\/wordpress\/wp-content\/uploads\/2017\/09\/9_IMG_9079-150x113.jpg 150w, https:\/\/www.kaineder.at\/wordpress\/wp-content\/uploads\/2017\/09\/9_IMG_9079-300x225.jpg 300w, https:\/\/www.kaineder.at\/wordpress\/wp-content\/uploads\/2017\/09\/9_IMG_9079-768x576.jpg 768w, https:\/\/www.kaineder.at\/wordpress\/wp-content\/uploads\/2017\/09\/9_IMG_9079.jpg 1000w\" sizes=\"auto, (max-width: 150px) 100vw, 150px\" \/><\/a> <a href=\"http:\/\/www.kaineder.at\/wordpress\/rumaenien-ist-einfach-und-schoen\/9_img_9091\/\" rel=\"attachment wp-att-7637\"><img loading=\"lazy\" decoding=\"async\" class=\"alignright size-thumbnail wp-image-7637\" src=\"http:\/\/www.kaineder.at\/wordpress\/wp-content\/uploads\/2017\/09\/9_IMG_9091-150x99.jpg\" alt=\"\" width=\"150\" height=\"99\" srcset=\"https:\/\/www.kaineder.at\/wordpress\/wp-content\/uploads\/2017\/09\/9_IMG_9091-150x99.jpg 150w, https:\/\/www.kaineder.at\/wordpress\/wp-content\/uploads\/2017\/09\/9_IMG_9091-300x198.jpg 300w, https:\/\/www.kaineder.at\/wordpress\/wp-content\/uploads\/2017\/09\/9_IMG_9091-768x508.jpg 768w, https:\/\/www.kaineder.at\/wordpress\/wp-content\/uploads\/2017\/09\/9_IMG_9091.jpg 1000w\" sizes=\"auto, (max-width: 150px) 100vw, 150px\" \/><\/a>Einmal haben wir nach einem Dorf (es war vorwiegend ein Roma-Dorf) das Gef\u00fchl gehabt, durch das Dorf der massiven Ungleichheit gegangen zu sein. Am Ortseingang richtige Schl\u00f6sser, die sich Roma-Anf\u00fchrer hier errichtet haben. Am Ortsende Elend, das wir gesehen haben und von den BettlerInnen bei uns kennen. H\u00fctten, Verdecke, Planen und Plastikverschl\u00e4ge und alle aus demselben Roma-Stamm. Die Reichsten in unmittelbarster Nachbarschaft zum Elend. Da stimmte nachdenklich. Gibt es aber genauso im Westen.<\/p>\n<h3>Das Gehen in der Natur<\/h3>\n<p><a href=\"http:\/\/www.kaineder.at\/wordpress\/rumaenien-ist-einfach-und-schoen\/4_img_8845-2\/\" rel=\"attachment wp-att-7638\"><img loading=\"lazy\" decoding=\"async\" class=\"alignright size-thumbnail wp-image-7638\" src=\"http:\/\/www.kaineder.at\/wordpress\/wp-content\/uploads\/2017\/09\/4_IMG_8845-1-150x113.jpg\" alt=\"\" width=\"150\" height=\"113\" srcset=\"https:\/\/www.kaineder.at\/wordpress\/wp-content\/uploads\/2017\/09\/4_IMG_8845-1-150x113.jpg 150w, https:\/\/www.kaineder.at\/wordpress\/wp-content\/uploads\/2017\/09\/4_IMG_8845-1-300x225.jpg 300w, https:\/\/www.kaineder.at\/wordpress\/wp-content\/uploads\/2017\/09\/4_IMG_8845-1-768x576.jpg 768w, https:\/\/www.kaineder.at\/wordpress\/wp-content\/uploads\/2017\/09\/4_IMG_8845-1.jpg 1000w\" sizes=\"auto, (max-width: 150px) 100vw, 150px\" \/><\/a> <a href=\"http:\/\/www.kaineder.at\/wordpress\/rumaenien-ist-einfach-und-schoen\/9_img_9448\/\" rel=\"attachment wp-att-7639\"><img loading=\"lazy\" decoding=\"async\" class=\"alignright size-thumbnail wp-image-7639\" src=\"http:\/\/www.kaineder.at\/wordpress\/wp-content\/uploads\/2017\/09\/9_IMG_9448-150x94.jpg\" alt=\"\" width=\"150\" height=\"94\" srcset=\"https:\/\/www.kaineder.at\/wordpress\/wp-content\/uploads\/2017\/09\/9_IMG_9448-150x94.jpg 150w, https:\/\/www.kaineder.at\/wordpress\/wp-content\/uploads\/2017\/09\/9_IMG_9448-300x188.jpg 300w, https:\/\/www.kaineder.at\/wordpress\/wp-content\/uploads\/2017\/09\/9_IMG_9448-768x481.jpg 768w, https:\/\/www.kaineder.at\/wordpress\/wp-content\/uploads\/2017\/09\/9_IMG_9448-1024x641.jpg 1024w\" sizes=\"auto, (max-width: 150px) 100vw, 150px\" \/><\/a> <a href=\"http:\/\/www.kaineder.at\/wordpress\/rumaenien-ist-einfach-und-schoen\/9_img_9458\/\" rel=\"attachment wp-att-7640\"><img loading=\"lazy\" decoding=\"async\" class=\"alignright size-thumbnail wp-image-7640\" src=\"http:\/\/www.kaineder.at\/wordpress\/wp-content\/uploads\/2017\/09\/9_IMG_9458-150x113.jpg\" alt=\"\" width=\"150\" height=\"113\" srcset=\"https:\/\/www.kaineder.at\/wordpress\/wp-content\/uploads\/2017\/09\/9_IMG_9458-150x113.jpg 150w, https:\/\/www.kaineder.at\/wordpress\/wp-content\/uploads\/2017\/09\/9_IMG_9458-300x225.jpg 300w, https:\/\/www.kaineder.at\/wordpress\/wp-content\/uploads\/2017\/09\/9_IMG_9458-768x576.jpg 768w, https:\/\/www.kaineder.at\/wordpress\/wp-content\/uploads\/2017\/09\/9_IMG_9458.jpg 1000w\" sizes=\"auto, (max-width: 150px) 100vw, 150px\" \/><\/a>Meine Erfahrung ist, dass die Natur die beste Therapeutin ist. Auf diesem Weg ist uns besonders sch\u00f6ne und ansprechende Natur begegnet. Die Seele nimmt diese Bilder n\u00e4hrend auf und ich trage diese Erinnerung immer durch den Winter. Dass wir B\u00e4renspuren und B\u00e4renlosungen gesehen haben, hat uns nicht \u00fcberrascht. Dass uns Hunde eingekreist haben und mit uns Mittagsrast gehalten haben, geh\u00f6rt zur &#8222;Natur der Sache&#8220;. Ich habe nie Angst gesp\u00fcrt, weil wir Teil dieses Naturganzen inklusive der Schafherden waren, uns so gesehen und benommen haben. Der Pfarrer der Einsiedelei ist \u00fcber zwei Stunden mit uns weitergegangen und immer wieder habe ich von ihm so leise dahinseufzend geh\u00f6rt: &#8222;Es ist fertig. Auch hier ist es fertig.&#8220; Gemeint hat er zwei Dinge: 1. Die Familien sind abgesiedelt und die H\u00e4user verfallen. 2. Durch den Klimawandel trocknen die B\u00e4che und Quellen aus. Er war mit wenig Hoffnung gesegnet. Wir haben ihn durch mehrstimmige Lieder &#8222;ermutigt&#8220;, sein einfaches &#8222;Beispiel&#8220; weiterzuleben. Mit ihm haben wir eine einfache Messe gefeiert. Ein glaubw\u00fcrdiger Hirte.<\/p>\n<h3>Das Schweigen und Reden<\/h3>\n<p><a href=\"http:\/\/www.kaineder.at\/wordpress\/rumaenien-ist-einfach-und-schoen\/9_img_9173\/\" rel=\"attachment wp-att-7641\"><img loading=\"lazy\" decoding=\"async\" class=\"alignright size-thumbnail wp-image-7641\" src=\"http:\/\/www.kaineder.at\/wordpress\/wp-content\/uploads\/2017\/09\/9_IMG_9173-113x150.jpg\" alt=\"\" width=\"113\" height=\"150\" srcset=\"https:\/\/www.kaineder.at\/wordpress\/wp-content\/uploads\/2017\/09\/9_IMG_9173-113x150.jpg 113w, https:\/\/www.kaineder.at\/wordpress\/wp-content\/uploads\/2017\/09\/9_IMG_9173-225x300.jpg 225w, https:\/\/www.kaineder.at\/wordpress\/wp-content\/uploads\/2017\/09\/9_IMG_9173.jpg 750w\" sizes=\"auto, (max-width: 113px) 100vw, 113px\" \/><\/a> <a href=\"http:\/\/www.kaineder.at\/wordpress\/rumaenien-ist-einfach-und-schoen\/9_img_9287\/\" rel=\"attachment wp-att-7642\"><img loading=\"lazy\" decoding=\"async\" class=\"alignright size-thumbnail wp-image-7642\" src=\"http:\/\/www.kaineder.at\/wordpress\/wp-content\/uploads\/2017\/09\/9_IMG_9287-150x113.jpg\" alt=\"\" width=\"150\" height=\"113\" srcset=\"https:\/\/www.kaineder.at\/wordpress\/wp-content\/uploads\/2017\/09\/9_IMG_9287-150x113.jpg 150w, https:\/\/www.kaineder.at\/wordpress\/wp-content\/uploads\/2017\/09\/9_IMG_9287-300x225.jpg 300w, https:\/\/www.kaineder.at\/wordpress\/wp-content\/uploads\/2017\/09\/9_IMG_9287-768x576.jpg 768w, https:\/\/www.kaineder.at\/wordpress\/wp-content\/uploads\/2017\/09\/9_IMG_9287.jpg 1000w\" sizes=\"auto, (max-width: 150px) 100vw, 150px\" \/><\/a>Die Tagesimpulse dieses Jahres habe ich aus den &#8222;<a href=\"http:\/\/www.ordensgemeinschaften.at\/3155-videovorstellung-der-ordensspitaeler-broschuere-quellen-der-kraft\" target=\"_blank\" rel=\"noopener\">Quellen der Kraft<\/a>&#8220; genommen. #Atmen, #Mehr und Weniger, #Dankbarkeit, #Liebe, #Gebet und #Vertrauen sind die Zug\u00e4nge zu einer &#8222;ge\u00f6ffneten Spiritualit\u00e4t&#8220;. Sechs Tage Gehen und sechs #Themen. Immer wieder haben wir erlebt, dass es nicht einfach ist, &#8222;die Komfortzone&#8220; ehrlich zu verlassen, auf Gewohntes verzichten zu m\u00fcssen und dort und da wortlos zu werden. Die Themen wurden immer &#8222;einfacher&#8220;, das Reden wandelte sich immer mehr in staunendes Schweigen. Am Ziel angekommen, sassen wir zuerst schweigend in der Kirche bis sich der mehrstimmige Chor in uns erhob. Wir waren happy, dass wir es geschafft haben. Alle.<\/p>\n<p><a href=\"http:\/\/www.kaineder.at\/wordpress\/rumaenien-ist-einfach-und-schoen\/2_img_8703-2\/\" rel=\"attachment wp-att-7643\"><img loading=\"lazy\" decoding=\"async\" class=\"alignright size-thumbnail wp-image-7643\" src=\"http:\/\/www.kaineder.at\/wordpress\/wp-content\/uploads\/2017\/09\/2_IMG_8703-1-150x113.jpg\" alt=\"\" width=\"150\" height=\"113\" srcset=\"https:\/\/www.kaineder.at\/wordpress\/wp-content\/uploads\/2017\/09\/2_IMG_8703-1-150x113.jpg 150w, https:\/\/www.kaineder.at\/wordpress\/wp-content\/uploads\/2017\/09\/2_IMG_8703-1-300x225.jpg 300w, https:\/\/www.kaineder.at\/wordpress\/wp-content\/uploads\/2017\/09\/2_IMG_8703-1-768x576.jpg 768w, https:\/\/www.kaineder.at\/wordpress\/wp-content\/uploads\/2017\/09\/2_IMG_8703-1.jpg 1000w\" sizes=\"auto, (max-width: 150px) 100vw, 150px\" \/><\/a> <a href=\"http:\/\/www.kaineder.at\/wordpress\/rumaenien-ist-einfach-und-schoen\/9_img_9508\/\" rel=\"attachment wp-att-7644\"><img loading=\"lazy\" decoding=\"async\" class=\"alignright size-thumbnail wp-image-7644\" src=\"http:\/\/www.kaineder.at\/wordpress\/wp-content\/uploads\/2017\/09\/9_IMG_9508-150x113.jpg\" alt=\"\" width=\"150\" height=\"113\" srcset=\"https:\/\/www.kaineder.at\/wordpress\/wp-content\/uploads\/2017\/09\/9_IMG_9508-150x113.jpg 150w, https:\/\/www.kaineder.at\/wordpress\/wp-content\/uploads\/2017\/09\/9_IMG_9508-300x225.jpg 300w, https:\/\/www.kaineder.at\/wordpress\/wp-content\/uploads\/2017\/09\/9_IMG_9508-768x576.jpg 768w, https:\/\/www.kaineder.at\/wordpress\/wp-content\/uploads\/2017\/09\/9_IMG_9508.jpg 1000w\" sizes=\"auto, (max-width: 150px) 100vw, 150px\" \/><\/a>Dass wir Sch\u00e4ssburg, Birth\u00e4lm, Brasov gesehen haben, erw\u00e4hne ich nur so nebenbei. Das zusammentreffen mit der <a href=\"http:\/\/www.caritas-ab.ro\/en\" target=\"_blank\" rel=\"noopener\">Caritas Alba Julia<\/a> war wirklich erhellend und Bernadett ist mit uns den ganzen Weg gegangen, \u00fcbersetzend und erz\u00e4hlend. #Danke<\/p>\n<p>Und n\u00e4chstes Jahr geht es nach Assisi (27. 9. &#8211; 7. 10. 2018).<br \/>\n#Vorfreude<\/p>\n","protected":false},"excerpt":{"rendered":"<p>Welt anschauen ist immer das Ziel, wenn wir mit Weltanschauen unterwegs sind. Schon vor einigen Tagen sind wir alle 27 TeilnehmerInnen wieder vollst\u00e4ndig und gut von unserer \u00f6kologisch fundierten Reise &#8222;Einfach Pilgern in Siebenb\u00fcrgen&#8220; mit dem Zug zur\u00fcckgekehrt. Ein Teilnehmer hat geschrieben: &#8222;Nochmals herzlichen Dank f\u00fcr Organisation und F\u00fchrung, aber so ganz wei\u00df ich noch &hellip; <\/p>\n<p><a class=\"more-link btn\" href=\"https:\/\/www.kaineder.at\/wordpress\/rumaenien-ist-einfach-und-schoen\/\">Weiterlesen<\/a><\/p>\n","protected":false},"author":1,"featured_media":0,"comment_status":"closed","ping_status":"open","sticky":false,"template":"","format":"standard","meta":{"footnotes":""},"categories":[13,4,16,14,1],"tags":[],"class_list":["post-7620","post","type-post","status-publish","format-standard","hentry","category-gehen-pilgern","category-team-coaching","category-lokal-detektive","category-gemeinschaften-konnektive","category-allgemein","item-wrap"],"_links":{"self":[{"href":"https:\/\/www.kaineder.at\/wordpress\/wp-json\/wp\/v2\/posts\/7620","targetHints":{"allow":["GET"]}}],"collection":[{"href":"https:\/\/www.kaineder.at\/wordpress\/wp-json\/wp\/v2\/posts"}],"about":[{"href":"https:\/\/www.kaineder.at\/wordpress\/wp-json\/wp\/v2\/types\/post"}],"author":[{"embeddable":true,"href":"https:\/\/www.kaineder.at\/wordpress\/wp-json\/wp\/v2\/users\/1"}],"replies":[{"embeddable":true,"href":"https:\/\/www.kaineder.at\/wordpress\/wp-json\/wp\/v2\/comments?post=7620"}],"version-history":[{"count":18,"href":"https:\/\/www.kaineder.at\/wordpress\/wp-json\/wp\/v2\/posts\/7620\/revisions"}],"predecessor-version":[{"id":7656,"href":"https:\/\/www.kaineder.at\/wordpress\/wp-json\/wp\/v2\/posts\/7620\/revisions\/7656"}],"wp:attachment":[{"href":"https:\/\/www.kaineder.at\/wordpress\/wp-json\/wp\/v2\/media?parent=7620"}],"wp:term":[{"taxonomy":"category","embeddable":true,"href":"https:\/\/www.kaineder.at\/wordpress\/wp-json\/wp\/v2\/categories?post=7620"},{"taxonomy":"post_tag","embeddable":true,"href":"https:\/\/www.kaineder.at\/wordpress\/wp-json\/wp\/v2\/tags?post=7620"}],"curies":[{"name":"wp","href":"https:\/\/api.w.org\/{rel}","templated":true}]}}