{"id":8530,"date":"2019-07-24T10:00:56","date_gmt":"2019-07-24T09:00:56","guid":{"rendered":"https:\/\/www.kaineder.at\/wordpress\/?p=8530"},"modified":"2019-07-24T10:04:20","modified_gmt":"2019-07-24T09:04:20","slug":"der-weltpilgertag-und-die-inneren-wege","status":"publish","type":"post","link":"https:\/\/www.kaineder.at\/wordpress\/der-weltpilgertag-und-die-inneren-wege\/","title":{"rendered":"Der Weltpilgertag und die inneren Wege"},"content":{"rendered":"<p><a href=\"https:\/\/www.kaineder.at\/wordpress\/der-weltpilgertag-und-die-inneren-wege\/friedensweg_fkaineder_-054\/\" rel=\"attachment wp-att-8532\"><img loading=\"lazy\" decoding=\"async\" class=\"alignright size-thumbnail wp-image-8532\" src=\"https:\/\/www.kaineder.at\/wordpress\/wp-content\/uploads\/2019\/07\/friedensweg_fkaineder_-054-150x113.jpg\" alt=\"\" width=\"150\" height=\"113\" srcset=\"https:\/\/www.kaineder.at\/wordpress\/wp-content\/uploads\/2019\/07\/friedensweg_fkaineder_-054-150x113.jpg 150w, https:\/\/www.kaineder.at\/wordpress\/wp-content\/uploads\/2019\/07\/friedensweg_fkaineder_-054-300x225.jpg 300w, https:\/\/www.kaineder.at\/wordpress\/wp-content\/uploads\/2019\/07\/friedensweg_fkaineder_-054-768x576.jpg 768w, https:\/\/www.kaineder.at\/wordpress\/wp-content\/uploads\/2019\/07\/friedensweg_fkaineder_-054-1024x768.jpg 1024w\" sizes=\"auto, (max-width: 150px) 100vw, 150px\" \/><\/a>Mitten im Sommer wird der Weltpilgertag begangen. 25. Juli. Es gibt viele Gr\u00fcnde, die F\u00fcsse in Gang zu setzen auf einen der zahllosen Pilgerwege in und quer durch Europa. Lange und kurze. Tagelang und wochen- oder monatelang. Die Erfolgsgeschichte der Pilgerwege in Europa ist mit rein religi\u00f6sen Motiven nicht zu erkl\u00e4ren. Es kommt mir vor, dass sogar nur eine kleine Minderheit &#8222;aus Glaubensgr\u00fcnden&#8220; unterwegs ist. Dieser Ausspruch ist legend\u00e4r: &#8222;Du suchtst Gott und kommst bei dir an. Der andere sucht sich selbst und trifft Gott.&#8220; Oder so \u00e4hnlich. In jedem Fall ist ein \u00e4u\u00dferer Weg, der vielleicht zuerst nur k\u00f6rperlich gesehen und in den ersten Tagen gesp\u00fcrt wird, mit einem inneren Weg verbunden. Die Frage ist nur: Wann treffen sich die beiden Wege und werden zum tiefen und weiten einen Pilgerweg. &#8222;Weitgehen ist heilsam&#8220; erkl\u00e4re ich in meinen Vortr\u00e4gen. Mittlerweile kann ich das durch meine jahrelangen pers\u00f6nlichen Erfahrung &#8222;belegen&#8220;. \u00c4hnliche Erfahrungen wurden mir immer wieder erz\u00e4hlen. Unser letztes Pilgern am &#8222;<a href=\"https:\/\/www.kaineder.at\/wordpress\/wir-suchen-eine-friedensnote\/\" target=\"_blank\" rel=\"noopener noreferrer\">Weg des Friedens<\/a>&#8220; hat am Ende eine Teilnehmerin nach 150 km und ann\u00e4hernd 5.000 H\u00f6henmetern sagen lassen: &#8222;Noch nie habe ich mich so erholt gef\u00fchlt.&#8220;<br \/>\nDas Gehen reinigt die inneren und \u00e4u\u00dferen Kraftfl\u00fcsse in K\u00f6rper, Geist und Seele.<\/p>\n","protected":false},"excerpt":{"rendered":"<p>Mitten im Sommer wird der Weltpilgertag begangen. 25. Juli. Es gibt viele Gr\u00fcnde, die F\u00fcsse in Gang zu setzen auf einen der zahllosen Pilgerwege in und quer durch Europa. Lange und kurze. Tagelang und wochen- oder monatelang. Die Erfolgsgeschichte der Pilgerwege in Europa ist mit rein religi\u00f6sen Motiven nicht zu erkl\u00e4ren. Es kommt mir vor, &hellip; <\/p>\n<p><a class=\"more-link btn\" href=\"https:\/\/www.kaineder.at\/wordpress\/der-weltpilgertag-und-die-inneren-wege\/\">Weiterlesen<\/a><\/p>\n","protected":false},"author":1,"featured_media":0,"comment_status":"closed","ping_status":"open","sticky":false,"template":"","format":"standard","meta":{"footnotes":""},"categories":[13,4,14,10,1],"tags":[],"class_list":["post-8530","post","type-post","status-publish","format-standard","hentry","category-gehen-pilgern","category-team-coaching","category-gemeinschaften-konnektive","category-philosophie-theologie","category-allgemein","item-wrap"],"_links":{"self":[{"href":"https:\/\/www.kaineder.at\/wordpress\/wp-json\/wp\/v2\/posts\/8530","targetHints":{"allow":["GET"]}}],"collection":[{"href":"https:\/\/www.kaineder.at\/wordpress\/wp-json\/wp\/v2\/posts"}],"about":[{"href":"https:\/\/www.kaineder.at\/wordpress\/wp-json\/wp\/v2\/types\/post"}],"author":[{"embeddable":true,"href":"https:\/\/www.kaineder.at\/wordpress\/wp-json\/wp\/v2\/users\/1"}],"replies":[{"embeddable":true,"href":"https:\/\/www.kaineder.at\/wordpress\/wp-json\/wp\/v2\/comments?post=8530"}],"version-history":[{"count":2,"href":"https:\/\/www.kaineder.at\/wordpress\/wp-json\/wp\/v2\/posts\/8530\/revisions"}],"predecessor-version":[{"id":8534,"href":"https:\/\/www.kaineder.at\/wordpress\/wp-json\/wp\/v2\/posts\/8530\/revisions\/8534"}],"wp:attachment":[{"href":"https:\/\/www.kaineder.at\/wordpress\/wp-json\/wp\/v2\/media?parent=8530"}],"wp:term":[{"taxonomy":"category","embeddable":true,"href":"https:\/\/www.kaineder.at\/wordpress\/wp-json\/wp\/v2\/categories?post=8530"},{"taxonomy":"post_tag","embeddable":true,"href":"https:\/\/www.kaineder.at\/wordpress\/wp-json\/wp\/v2\/tags?post=8530"}],"curies":[{"name":"wp","href":"https:\/\/api.w.org\/{rel}","templated":true}]}}