{"id":8914,"date":"2019-12-17T21:31:40","date_gmt":"2019-12-17T20:31:40","guid":{"rendered":"https:\/\/www.kaineder.at\/wordpress\/?p=8914"},"modified":"2019-12-17T21:35:03","modified_gmt":"2019-12-17T20:35:03","slug":"du-bist-prophet-koenig-priester","status":"publish","type":"post","link":"https:\/\/www.kaineder.at\/wordpress\/du-bist-prophet-koenig-priester\/","title":{"rendered":"Du bist Prophet, K\u00f6nig, Priester!"},"content":{"rendered":"<p><a href=\"https:\/\/www.kaineder.at\/wordpress\/wp-content\/uploads\/2019\/12\/entz\u00fcnden_brennen.jpg\"><img loading=\"lazy\" decoding=\"async\" class=\"aligncenter size-medium wp-image-8918\" src=\"https:\/\/www.kaineder.at\/wordpress\/wp-content\/uploads\/2019\/12\/entz\u00fcnden_brennen-300x203.jpg\" alt=\"\" width=\"300\" height=\"203\" srcset=\"https:\/\/www.kaineder.at\/wordpress\/wp-content\/uploads\/2019\/12\/entz\u00fcnden_brennen-300x203.jpg 300w, https:\/\/www.kaineder.at\/wordpress\/wp-content\/uploads\/2019\/12\/entz\u00fcnden_brennen-150x101.jpg 150w, https:\/\/www.kaineder.at\/wordpress\/wp-content\/uploads\/2019\/12\/entz\u00fcnden_brennen.jpg 730w\" sizes=\"auto, (max-width: 300px) 100vw, 300px\" \/><\/a>Jeder Mensch m\u00f6chte mitmachen, mitgestalten, mitmischen und genauso mittragen, mitverantworten. Wer teilnimmt am Ganzen und unkomplizierten Zugang zum Gemeinsamen hat, wird seinen oder ihren sinnvollen Beitrag dazustellen, leisten, beisteuern, wird Verantwortung \u00fcbernehmen.<\/p>\n<p>Der tiefe Impuls zum Handeln steckt in uns selber. Als Christen und Christinnen sind wir auf diese innere Dynamik, diese Berufung von innen her getauft. In der Taufe liegt die Wirkmacht Gottes durch, in und mit uns neu begr\u00fcndet. Deshalb eine Ermutigung: \u201eHabt Mut und geht voran. Wirkt in sozialen Feldern, in gottesdienstlichen Gefilden, in \u00f6ffentlichen R\u00e4umen und stiftet gemeinschaftliche Bande, erm\u00f6glicht bedingungslose Zugeh\u00f6rigkeit, Zusammenhalt, Solidarit\u00e4t. Wirken wir mit an einer neuen \u201aVerb\u00fcndung\u2018 der Menschen im offen und weiten Geiste Jesu.\u201c<\/p>\n<p><!--more--><\/p>\n<p>Die Pfarr-Gemeinden sind beispielsweise der gro\u00dfe Resonanzraum Gottes, wo ganz wach, einfach und gemeinsam die Melodien der Liebe, der Empathie und Mitsorge vielstimmig gesummt, gesungen werden, nie ganz verstummen. Wo zwei oder drei Stimmen erklingen, da ist Jesus mitten unter ihnen zu h\u00f6ren.<br \/>\nWir sind in diese Wirkmacht, in diese Wirkkraft getaucht, getauft. Die Bibel kennt das Wort Vollmacht. Aber: Gewalt und Herrschaft \u00fcber jemand Anderen ist nicht die Sache der Jesus-J\u00fcnger. Es ist immer ein Dienst an den konkreten Menschen, dem Gemeinsamen, dem Gemeinwohl, zum Lobe Gottes. Hier und jetzt.<\/p>\n<p><em>Von der <a href=\"https:\/\/www.dioezese-linz.at\/kmb\/jahresschwerpunkt\" target=\"_blank\" rel=\"noopener noreferrer\">Katholischen M\u00e4nnerbewegung in Ober\u00f6sterreich<\/a> wurde ich gebeten, einige Gedanken zusammenzutragen als Anregung und Grundlage f\u00fcr die M\u00e4nnertagsreferate bei den M\u00e4nnertagen in den Ortsgruppen. &#8222;getauft und berufen&#8220; ist die Grundmolodie, die die Zusage der Taufe anstimmt: Du bist Prophet, K\u00f6nig und Priester. Gerade letzteres wird auf die geweihten Priester abgeschoben. Meine Gedanken m\u00f6chten anregen, der Taufe die zentrale Bedeutung wieder zu geben, sich der Zusage Gottes in der Taufe zu erinnern und die gemeinsame Verantwortung zu sehen und zu leben.<br \/>\n<\/em><em>Hier das Referat als<a href=\"https:\/\/www.kaineder.at\/wordpress\/wp-content\/uploads\/2019\/12\/20190708_KMB_M\u00e4nnertag_Rede_neu_final_fk.pdf\" target=\"_blank\" rel=\"noopener noreferrer\"> PDF zum Nachlesen<\/a>.\u00a0<\/em><\/p>\n","protected":false},"excerpt":{"rendered":"<p>Jeder Mensch m\u00f6chte mitmachen, mitgestalten, mitmischen und genauso mittragen, mitverantworten. Wer teilnimmt am Ganzen und unkomplizierten Zugang zum Gemeinsamen hat, wird seinen oder ihren sinnvollen Beitrag dazustellen, leisten, beisteuern, wird Verantwortung \u00fcbernehmen. Der tiefe Impuls zum Handeln steckt in uns selber. Als Christen und Christinnen sind wir auf diese innere Dynamik, diese Berufung von innen &hellip; <\/p>\n<p><a class=\"more-link btn\" href=\"https:\/\/www.kaineder.at\/wordpress\/du-bist-prophet-koenig-priester\/\">Weiterlesen<\/a><\/p>\n","protected":false},"author":1,"featured_media":0,"comment_status":"closed","ping_status":"open","sticky":false,"template":"","format":"standard","meta":{"footnotes":""},"categories":[16,15,36,10,1],"tags":[],"class_list":["post-8914","post","type-post","status-publish","format-standard","hentry","category-lokal-detektive","category-zukunfstbilder","category-orden-kirchen","category-philosophie-theologie","category-allgemein","item-wrap"],"_links":{"self":[{"href":"https:\/\/www.kaineder.at\/wordpress\/wp-json\/wp\/v2\/posts\/8914","targetHints":{"allow":["GET"]}}],"collection":[{"href":"https:\/\/www.kaineder.at\/wordpress\/wp-json\/wp\/v2\/posts"}],"about":[{"href":"https:\/\/www.kaineder.at\/wordpress\/wp-json\/wp\/v2\/types\/post"}],"author":[{"embeddable":true,"href":"https:\/\/www.kaineder.at\/wordpress\/wp-json\/wp\/v2\/users\/1"}],"replies":[{"embeddable":true,"href":"https:\/\/www.kaineder.at\/wordpress\/wp-json\/wp\/v2\/comments?post=8914"}],"version-history":[{"count":6,"href":"https:\/\/www.kaineder.at\/wordpress\/wp-json\/wp\/v2\/posts\/8914\/revisions"}],"predecessor-version":[{"id":8923,"href":"https:\/\/www.kaineder.at\/wordpress\/wp-json\/wp\/v2\/posts\/8914\/revisions\/8923"}],"wp:attachment":[{"href":"https:\/\/www.kaineder.at\/wordpress\/wp-json\/wp\/v2\/media?parent=8914"}],"wp:term":[{"taxonomy":"category","embeddable":true,"href":"https:\/\/www.kaineder.at\/wordpress\/wp-json\/wp\/v2\/categories?post=8914"},{"taxonomy":"post_tag","embeddable":true,"href":"https:\/\/www.kaineder.at\/wordpress\/wp-json\/wp\/v2\/tags?post=8914"}],"curies":[{"name":"wp","href":"https:\/\/api.w.org\/{rel}","templated":true}]}}