{"id":9211,"date":"2020-04-07T08:42:38","date_gmt":"2020-04-07T07:42:38","guid":{"rendered":"https:\/\/www.kaineder.at\/wordpress\/?p=9211"},"modified":"2020-04-12T21:22:38","modified_gmt":"2020-04-12T20:22:38","slug":"besser-und-erster-sein-muessen","status":"publish","type":"post","link":"https:\/\/www.kaineder.at\/wordpress\/besser-und-erster-sein-muessen\/","title":{"rendered":"Besser und Erster sein m\u00fcssen"},"content":{"rendered":"<p><a href=\"https:\/\/www.kaineder.at\/wordpress\/wp-content\/uploads\/2020\/04\/vv-006-scaled.jpg\"><img loading=\"lazy\" decoding=\"async\" class=\"aligncenter size-medium wp-image-9214\" src=\"https:\/\/www.kaineder.at\/wordpress\/wp-content\/uploads\/2020\/04\/vv-006-300x197.jpg\" alt=\"\" width=\"300\" height=\"197\" srcset=\"https:\/\/www.kaineder.at\/wordpress\/wp-content\/uploads\/2020\/04\/vv-006-300x197.jpg 300w, https:\/\/www.kaineder.at\/wordpress\/wp-content\/uploads\/2020\/04\/vv-006-1024x671.jpg 1024w, https:\/\/www.kaineder.at\/wordpress\/wp-content\/uploads\/2020\/04\/vv-006-150x98.jpg 150w, https:\/\/www.kaineder.at\/wordpress\/wp-content\/uploads\/2020\/04\/vv-006-768x503.jpg 768w, https:\/\/www.kaineder.at\/wordpress\/wp-content\/uploads\/2020\/04\/vv-006-1536x1006.jpg 1536w, https:\/\/www.kaineder.at\/wordpress\/wp-content\/uploads\/2020\/04\/vv-006-2048x1342.jpg 2048w\" sizes=\"auto, (max-width: 300px) 100vw, 300px\" \/><\/a>&#8222;Schlie\u00dflich geht es in diesem Kampf gegen das Cornavirus nicht um ein Wettrennen, nicht darum, wer als Erster gehandelt hat und nun als Bester aus dem Schlamassel herauskommt. Was nottut in diesen Tagen ist europ\u00e4ische Solidarit\u00e4t, sind abgestimmte europ\u00e4ische Konzepte. Denn am Ende werden sich nur alle gemeinsam an die Aufr\u00e4umarbeiten machen k\u00f6nnen.&#8220;<\/p>\n<p><!--more--><\/p>\n<h3>Grenz\u00fcberschreitender Zusammenhalt<\/h3>\n<p>Und Weiter: &#8222;Daran sollte auch Kanzler Kurz denken. Er muss gewiss sein Licht nicht unter den Scheffel stellen, doch mit solch eitlem Blendwerk ist niemandem geholfen.&#8220; Es ist der Blick von au\u00dfen, ein Kommentar von Peter M\u00fcnch (Korrespondent f\u00fcr \u00d6sterreich und S\u00fcdosteuropa) in der <a href=\"https:\/\/www.sueddeutsche.de\/politik\/coronavirus-oesterreich-kanzler-kurz-1.4870454\" target=\"_blank\" rel=\"noopener noreferrer\">S\u00fcddeutschen Zeitung <\/a>vom 6. April 2020. Wer den \u00f6sterreichischen Bundeskanzler in diesen Tagen semantisch beobachtet, wird feststellen, dass er sich die Karwochen- und Ostererfahrungen und die damit verbundenen Heilsbilder zu eigen macht, um die Emotionen der Menschen &#8222;anzustacheln, zu bedienen, politisch ins Rennen zu werfen&#8220;. Nat\u00fcrlich auch zur Bek\u00e4mpfung des Virus. Beispiel: &#8222;\u00f6sterliche Wiederauferstehung&#8220;. Das wird gepaart mit Vergleichen und Rankings (Wer ist schneller? Wer ist Erster? Wer ist besser?) und einer subtilen Abgrenzung nach au\u00dfen und nach innen. Der einzige Bezugspunkt zum Erlangen des Heils sind wir in diesem \u00d6sterreich: &#8222;Liebe \u00d6sterreicherinnen und \u00d6sterreicher&#8220;. Da g\u00e4be es auch die &#8222;in \u00d6sterreich Wohnenden oder Arbeitenden&#8220;. Ein grenz\u00fcberschreitender Zusammenhalt in der EU, eine Zusammenschau oder gar ein Zusammenwarten (Meine Gedanken sind beim Schulausflug.) ist komplett au\u00dfer Sichtweise. Diese Corona-Zeiten eignen sich besonders gut daf\u00fcr,\u00a0 ein wieder anderes soteriologisches Sprachbild hervorzuholen, das von den Herausgehobenen, den Erw\u00e4hlten, den Auserw\u00e4hlten. Das Versprechen lautet: \u00d6sterreich wird vor allen anderen aus dem Schlamassel herausgestiegen sein. Wir sind die Sieger, die Starken, die Geretteten. Das ist die Verhei\u00dfung aus der Politik. Die Kirche ist zum Stillhalten gezwungen und wie wir alle auf Abstand, Ausnahme Caritas.<\/p>\n<h3>Solidarische Vielfalt m\u00fcndet im Zusammenhalt<\/h3>\n<p>Wenn wir uns anschaulich in allen Dimensionen das jesuanische Ostern vor Augen f\u00fchren, dann sehen wir bei Jesus, dass es ihm nicht um ein paar Erw\u00e4hlte oder gar ein erw\u00e4hltes Volk geht, sondern um die Menschheitsfamilie \u00fcber alle Grenzen hinweg. Der Messias ist deshalb gestorben, weil er sich den &#8222;mimetischen Dynamiken und dem S\u00fcndenbock-Prinzip&#8220; ausgeliefert hat. Vergleichen und S\u00fcndenb\u00f6cke f\u00fchren Mensch und Mitwelt in den Tod.\u00a0 Gerade das nach Ostern kommende Pfingsten will uns nochmals darin best\u00e4rken, ein neues Miteinander, einen Zusammenhalt \u00fcber alle Unterschiede und Begrenzungen hinweg zu verwirklichen. Diese solidarische Vielfalt wird von einem tiefen und guten Geist inspiriert sein und m\u00fcndet im grenzenlosen Zusammenhalt mit allen. Vergleiche und Rankings\u00a0 haben dort keinen Platz mehr. Auch nicht das gezielte Ausgrenzen, wie es beispielsweise ein Bauer im M\u00fchlviertel probiert (Foto). Gerade von den Bisch\u00f6fen erwarte ich mir, dass sie diesem jetzigen politischen Messianismus entlang des Corona-Virus entgegensteuern durch klare jesuanisch-\u00f6sterliche Aussagen.<\/p>\n","protected":false},"excerpt":{"rendered":"<p>&#8222;Schlie\u00dflich geht es in diesem Kampf gegen das Cornavirus nicht um ein Wettrennen, nicht darum, wer als Erster gehandelt hat und nun als Bester aus dem Schlamassel herauskommt. Was nottut in diesen Tagen ist europ\u00e4ische Solidarit\u00e4t, sind abgestimmte europ\u00e4ische Konzepte. Denn am Ende werden sich nur alle gemeinsam an die Aufr\u00e4umarbeiten machen k\u00f6nnen.&#8220;<\/p><p><a class=\"more-link btn\" href=\"https:\/\/www.kaineder.at\/wordpress\/besser-und-erster-sein-muessen\/\">Weiterlesen<\/a><\/p>\n","protected":false},"author":1,"featured_media":0,"comment_status":"closed","ping_status":"open","sticky":false,"template":"","format":"standard","meta":{"footnotes":""},"categories":[16,15,36,14,10,1],"tags":[],"class_list":["post-9211","post","type-post","status-publish","format-standard","hentry","category-lokal-detektive","category-zukunfstbilder","category-orden-kirchen","category-gemeinschaften-konnektive","category-philosophie-theologie","category-allgemein","item-wrap"],"_links":{"self":[{"href":"https:\/\/www.kaineder.at\/wordpress\/wp-json\/wp\/v2\/posts\/9211","targetHints":{"allow":["GET"]}}],"collection":[{"href":"https:\/\/www.kaineder.at\/wordpress\/wp-json\/wp\/v2\/posts"}],"about":[{"href":"https:\/\/www.kaineder.at\/wordpress\/wp-json\/wp\/v2\/types\/post"}],"author":[{"embeddable":true,"href":"https:\/\/www.kaineder.at\/wordpress\/wp-json\/wp\/v2\/users\/1"}],"replies":[{"embeddable":true,"href":"https:\/\/www.kaineder.at\/wordpress\/wp-json\/wp\/v2\/comments?post=9211"}],"version-history":[{"count":8,"href":"https:\/\/www.kaineder.at\/wordpress\/wp-json\/wp\/v2\/posts\/9211\/revisions"}],"predecessor-version":[{"id":9228,"href":"https:\/\/www.kaineder.at\/wordpress\/wp-json\/wp\/v2\/posts\/9211\/revisions\/9228"}],"wp:attachment":[{"href":"https:\/\/www.kaineder.at\/wordpress\/wp-json\/wp\/v2\/media?parent=9211"}],"wp:term":[{"taxonomy":"category","embeddable":true,"href":"https:\/\/www.kaineder.at\/wordpress\/wp-json\/wp\/v2\/categories?post=9211"},{"taxonomy":"post_tag","embeddable":true,"href":"https:\/\/www.kaineder.at\/wordpress\/wp-json\/wp\/v2\/tags?post=9211"}],"curies":[{"name":"wp","href":"https:\/\/api.w.org\/{rel}","templated":true}]}}