{"id":9239,"date":"2020-04-15T10:21:24","date_gmt":"2020-04-15T09:21:24","guid":{"rendered":"https:\/\/www.kaineder.at\/wordpress\/?p=9239"},"modified":"2020-04-16T07:34:49","modified_gmt":"2020-04-16T06:34:49","slug":"faire-gesellschaft","status":"publish","type":"post","link":"https:\/\/www.kaineder.at\/wordpress\/faire-gesellschaft\/","title":{"rendered":"Den Weg in ein faires, \u00f6kologisch-soziales Gemeinwesen einschlagen"},"content":{"rendered":"<p><a href=\"https:\/\/www.kaineder.at\/wordpress\/wp-content\/uploads\/2020\/04\/landesrat-062-scaled.jpg\"><img loading=\"lazy\" decoding=\"async\" class=\"aligncenter size-medium wp-image-9241\" src=\"https:\/\/www.kaineder.at\/wordpress\/wp-content\/uploads\/2020\/04\/landesrat-062-300x225.jpg\" alt=\"\" width=\"300\" height=\"225\" srcset=\"https:\/\/www.kaineder.at\/wordpress\/wp-content\/uploads\/2020\/04\/landesrat-062-300x225.jpg 300w, https:\/\/www.kaineder.at\/wordpress\/wp-content\/uploads\/2020\/04\/landesrat-062-1024x768.jpg 1024w, https:\/\/www.kaineder.at\/wordpress\/wp-content\/uploads\/2020\/04\/landesrat-062-150x113.jpg 150w, https:\/\/www.kaineder.at\/wordpress\/wp-content\/uploads\/2020\/04\/landesrat-062-768x576.jpg 768w, https:\/\/www.kaineder.at\/wordpress\/wp-content\/uploads\/2020\/04\/landesrat-062-1536x1152.jpg 1536w, https:\/\/www.kaineder.at\/wordpress\/wp-content\/uploads\/2020\/04\/landesrat-062-2048x1536.jpg 2048w\" sizes=\"auto, (max-width: 300px) 100vw, 300px\" \/><\/a>Es wird nicht einfach, sagen uns die Verantwortlichen. Wer soll das bezahlen, fragen sich die Menschen. Wann sch\u00fctteln wir wieder H\u00e4nde, pochen die Emotionen. Andere f\u00fcrchten sich, wenn sie in die N\u00e4he von Menschen kommen. Immer \u00f6fter trommeln Sehns\u00fcchte: Lasst uns n\u00e4her kommen. Der Kanzler hat die Hand an der Notbremse. Der Gesundheitsminister strahlt Vertrauen aus. Die Zeit der kritischen Reflexion muss schleunigst beginnen. Die Zukunft hat gestern begonnen.<\/p>\n<p><!--more--><\/p>\n<h3>Es wird viel Herz und Solidarit\u00e4t der Habenden brauchen<\/h3>\n<p>Manche vergleichen diese Zeit als &#8222;Vertreibung&#8220;. Das Gewohnte haben wir verlassen. Selbst mein Buschauffeur f\u00e4hrt zwar den Bus auf der Linie, aber er ist von den Fahrg\u00e4sten getrennt, falls welche mitfahren. &#8222;Das Leben hat sich verkrochen&#8220;, meinte dieser Tage ein Fahrgast. Kommunikative Pl\u00e4tze und Orte strahlen eine ungewohnte Leere aus. Was wollen sie uns damit lehren? Allerorten ist von &#8222;Learnings&#8220; und sogar einer &#8222;neuen Normalit\u00e4t&#8220; die Rede, die mit Phase zwei er\u00f6ffnet wurde. Die Schlangen vor den Baum\u00e4rkten sind allerdings die alte Normalit\u00e4t. Sicher, der Garten braucht. Tun und Hand anlegen k\u00f6nnen ist ein Akt der Befreiung aus der f\u00fcr viele unertr\u00e4glichen Stille und Nutzlosigkeit. Wer den Blick auf die derzeitige Situation schweifen l\u00e4sst, gerade auch abseits des Virus, sieht ganz dunkle Gegenden. Arbeitslosigkeit in einem Ausma\u00df, wie wir sie nicht kennen.\u00a0 Borkenk\u00e4fer, Engerlinge und Trockenheit bedrohen den l\u00e4ndlichen Raum. Die Fl\u00fcchtlingslager an der EU-Au\u00dfengrenze entschwinden dem solidarischen Bewusstsein, das auf das Prinzip &#8222;Schau auf dich- schau auf mich&#8220; reduziert ist. Und einige Menschen sehen kein Ostern, sondern den Karfreitag oder Karsamstag. Desaster bleibt f\u00fcr sie Desaster. Und Hilflosigkeit verm\u00e4hlt sich mit Trauer. &#8222;Alles wir gut&#8220; empfinden sie als Faustschlag ins Gesicht.<\/p>\n<p>Papst Franziskus hat im leeren Dom ein paar Handlungsans\u00e4tze geliefert, die jetzt von den Bisch\u00f6fen forsch und laut in die \u00f6sterreichische Gesellschaft hineingetragen werden sollen. Ihre Autorit\u00e4t muss sich da einsetzen. Es braucht einen radikalen Schuldenerlass f\u00fcr arme L\u00e4nder.\u00a0 Und: &#8222;Die Zeit ist gekommen, um an eine Form von universalem Grundlohn zu denken (&#8230;) Kein Arbeitnehmer darf ohne Rechte sein.&#8220; Die T\u00fcr zum Grundeinkommen als Lebensbasis muss aufgesto\u00dfen werden.\u00a0 Jetzt wird entschieden, ob eine Gesellschaft entlang von Laudato si aufgebaut oder doch wieder das &#8222;technokratische Paradigma&#8220; als lenkend herangezogen wird. Mit der allgegenw\u00e4rtigen Machbarkeitsdenke sind wir an die Grenze gesto\u00dfen. Das macht den Menschen Angst. Nicht allen. Andere sp\u00fcren, dass wir &#8222;in die N\u00e4he des Pardieses&#8220; nur mit dem Herzen kommen. Siehe Bild oben. Und wenn wir auf das Herz h\u00f6ren, dann wird Solidarit\u00e4t aufkeimen, gerade auch bei denen, die jetzt zu den Habenden geh\u00f6ren. Es muss jetzt gelingen, die Lasten fair und gerecht zu verteilen, damit nicht die Milliarden-Schulden wie so viele andere &#8222;Folgen unseres Handelns&#8220; auf unsere Enkelkinder abgew\u00e4lzt werden. An den guten Willen zu appellieren wird nicht gen\u00fcgen. Die Politik muss nach der Krise weiterlenken und ein neues Wirtschaften mit klaren gesetzlichen Parameter festlegen. Das frei flutende Kapital muss mit dem Solidarit\u00e4tslasso eingefangen werden. Die Ressourcen der Habenden m\u00fcssen umverteilt werden hinein in eine faire und \u00f6kologisch-soziale Gesellschaft.<\/p>\n<p>&nbsp;<\/p>\n","protected":false},"excerpt":{"rendered":"<p>Es wird nicht einfach, sagen uns die Verantwortlichen. Wer soll das bezahlen, fragen sich die Menschen. Wann sch\u00fctteln wir wieder H\u00e4nde, pochen die Emotionen. Andere f\u00fcrchten sich, wenn sie in die N\u00e4he von Menschen kommen. Immer \u00f6fter trommeln Sehns\u00fcchte: Lasst uns n\u00e4her kommen. Der Kanzler hat die Hand an der Notbremse. Der Gesundheitsminister strahlt Vertrauen &hellip; <\/p>\n<p><a class=\"more-link btn\" href=\"https:\/\/www.kaineder.at\/wordpress\/faire-gesellschaft\/\">Weiterlesen<\/a><\/p>\n","protected":false},"author":1,"featured_media":0,"comment_status":"closed","ping_status":"open","sticky":false,"template":"","format":"standard","meta":{"footnotes":""},"categories":[16,15,11,14,10],"tags":[86,187,190,57,188,189],"class_list":["post-9239","post","type-post","status-publish","format-standard","hentry","category-lokal-detektive","category-zukunfstbilder","category-kommunikation-lotsen","category-gemeinschaften-konnektive","category-philosophie-theologie","tag-cop21","tag-corona","tag-laudatosi","tag-papst","tag-virus","tag-wirtschaft","item-wrap"],"_links":{"self":[{"href":"https:\/\/www.kaineder.at\/wordpress\/wp-json\/wp\/v2\/posts\/9239","targetHints":{"allow":["GET"]}}],"collection":[{"href":"https:\/\/www.kaineder.at\/wordpress\/wp-json\/wp\/v2\/posts"}],"about":[{"href":"https:\/\/www.kaineder.at\/wordpress\/wp-json\/wp\/v2\/types\/post"}],"author":[{"embeddable":true,"href":"https:\/\/www.kaineder.at\/wordpress\/wp-json\/wp\/v2\/users\/1"}],"replies":[{"embeddable":true,"href":"https:\/\/www.kaineder.at\/wordpress\/wp-json\/wp\/v2\/comments?post=9239"}],"version-history":[{"count":11,"href":"https:\/\/www.kaineder.at\/wordpress\/wp-json\/wp\/v2\/posts\/9239\/revisions"}],"predecessor-version":[{"id":9252,"href":"https:\/\/www.kaineder.at\/wordpress\/wp-json\/wp\/v2\/posts\/9239\/revisions\/9252"}],"wp:attachment":[{"href":"https:\/\/www.kaineder.at\/wordpress\/wp-json\/wp\/v2\/media?parent=9239"}],"wp:term":[{"taxonomy":"category","embeddable":true,"href":"https:\/\/www.kaineder.at\/wordpress\/wp-json\/wp\/v2\/categories?post=9239"},{"taxonomy":"post_tag","embeddable":true,"href":"https:\/\/www.kaineder.at\/wordpress\/wp-json\/wp\/v2\/tags?post=9239"}],"curies":[{"name":"wp","href":"https:\/\/api.w.org\/{rel}","templated":true}]}}