{"id":9365,"date":"2020-08-01T10:36:57","date_gmt":"2020-08-01T09:36:57","guid":{"rendered":"https:\/\/www.kaineder.at\/wordpress\/?p=9365"},"modified":"2020-09-07T11:02:53","modified_gmt":"2020-09-07T10:02:53","slug":"anpacken-nicht-einpacken","status":"publish","type":"post","link":"https:\/\/www.kaineder.at\/wordpress\/anpacken-nicht-einpacken\/","title":{"rendered":"Anpacken, nicht einpacken!"},"content":{"rendered":"<p><a href=\"https:\/\/www.kaineder.at\/wordpress\/wp-content\/uploads\/2020\/08\/IMG_5846kl.jpg\"><img loading=\"lazy\" decoding=\"async\" class=\"aligncenter size-medium wp-image-9391\" src=\"https:\/\/www.kaineder.at\/wordpress\/wp-content\/uploads\/2020\/08\/IMG_5846kl-300x229.jpg\" alt=\"\" width=\"300\" height=\"229\" srcset=\"https:\/\/www.kaineder.at\/wordpress\/wp-content\/uploads\/2020\/08\/IMG_5846kl-300x229.jpg 300w, https:\/\/www.kaineder.at\/wordpress\/wp-content\/uploads\/2020\/08\/IMG_5846kl-1024x782.jpg 1024w, https:\/\/www.kaineder.at\/wordpress\/wp-content\/uploads\/2020\/08\/IMG_5846kl-150x115.jpg 150w, https:\/\/www.kaineder.at\/wordpress\/wp-content\/uploads\/2020\/08\/IMG_5846kl-768x587.jpg 768w, https:\/\/www.kaineder.at\/wordpress\/wp-content\/uploads\/2020\/08\/IMG_5846kl-1536x1173.jpg 1536w, https:\/\/www.kaineder.at\/wordpress\/wp-content\/uploads\/2020\/08\/IMG_5846kl.jpg 1580w\" sizes=\"auto, (max-width: 300px) 100vw, 300px\" \/><\/a>&#8222;F\u00fcr Gemeinschaft, die begeistert&#8220; steht als Untertitel auf dem Buchcover meines Buches &#8222;Anpacken, nicht einpacken!&#8220;, das seit 19.\u00a0 August 2020 im Buchhandel erh\u00e4tlich ist. Eine wunderbare und folgenschwere Begegnung bei der &#8222;Buch Wien&#8220; 2019 hat mir die Energie gegeben, zu beginnen und auch zu vollenden. Mit dem\u00a0 Herder-Verlag (Freiburg, M\u00fcnchen, Wien) habe ich einen Partner gefunden, mit dem ich gemeinsam selbst in der Coronazeit produktiv gearbeitet habe.\u00a0 Man sagt: Ein Buch schreiben ist wie ein Kind zur Welt bringen. Die Geburtswehen haben eingesetzt, die Medien wurden im Voraus informiert und auf der <span style=\"color: #ff6600;\"><a style=\"color: #ff6600;\" href=\"https:\/\/www.herder.de\/religion-spiritualitaet-shop\/anpacken%2c-nicht-einpacken!-gebundene-ausgabe\/c-38\/p-19150\/\" target=\"_blank\" rel=\"noopener noreferrer\">Herder-Website<\/a><\/span> wird das Buch angeboten inklusive zehn Seiten zum &#8222;<span style=\"color: #ff6600;\"><a style=\"color: #ff6600;\" href=\"https:\/\/media.herder.de\/leseprobe\/978-3-451-38838-5\/html5.html\" target=\"_blank\" rel=\"noopener noreferrer\">Probelesen<\/a><\/span>&#8222;.<\/p>\n<p><!--more--><\/p>\n<h3>Worum geht es in dem Buch?<\/h3>\n<p>Am Buchcover wird aus dem Buch zitiert: &#8222;Ob eine Veranstaltung, eine Organisation oder ein soziales Lebewesen Zulauf haben, entscheiden die Menschen des jeweiligen Umfeldes nach einem ganz einfachen Prinzip: Geht es dort lebendig zu? Spielt sich dort das Leben ab? Sind das lebendige oder steife, ja tote Menschen, die sich aus Gewohnheit treffen? Mir selbst war es immer wichtig, Klarheit zu gewinnen, Lebendigkeit zu sch\u00fcren, zu ermutigen, sich nicht\u00a0 bremsen zu lassen und die tiefe Begr\u00fcndung als Christ oder Christin nicht aus den Augen zu verlieren, die Lebendigkeitsquelle in Gott selbst. Ermutigung, Weite und eine fr\u00f6hliche Tiefe waren mein Anliegen.&#8220;<\/p>\n<div id=\"attachment_9329\" style=\"width: 300px\" class=\"wp-caption aligncenter\"><a href=\"https:\/\/www.kaineder.at\/wordpress\/wp-content\/uploads\/2019\/07\/20200510_DreiRaumModell_Kondler_final.jpeg\"><img loading=\"lazy\" decoding=\"async\" aria-describedby=\"caption-attachment-9329\" class=\"wp-image-9329 size-medium\" src=\"https:\/\/www.kaineder.at\/wordpress\/wp-content\/uploads\/2019\/07\/20200510_DreiRaumModell_Kondler_final-300x300.jpeg\" alt=\"\" width=\"300\" height=\"300\" \/><\/a><p id=\"caption-attachment-9329\" class=\"wp-caption-text\">Credit: Christian Kondler<\/p><\/div>\n<p>Beim Schreiben habe ich Erfahrungen, Erlebnisse und fachliches Wissen hervorgeholt, die mir und den Leserinnen und Lesern die These untermauert: Begeisterte Gemeinschaft geht! Es ist die einfache, wache und gemeinsame Lebendigkeit, die einen Magnetismus aufmacht. Deshalb ist es nicht einfach ein &#8222;Kirchenbuch&#8220; geworden. Das <span style=\"color: #ff6600;\"><a style=\"color: #ff6600;\" href=\"https:\/\/www.kaineder.at\/wordpress\/wie-soziale-lebewesen-lebendig-werden\/\" target=\"_blank\" rel=\"noopener noreferrer\">DREIRAUMMODELL<\/a><\/span> kann \u00fcberall und in allen Communities in positive Schwingungen gebracht werden. Das Buch ist eine Einladung, in diese m\u00f6glichen &#8222;Klangr\u00e4ume&#8220; einzutreten, nachzusp\u00fcren und neu &#8222;anzuschlagen&#8220;.<br \/>\nMITMACHEN bei Musik, auf der B\u00fchne, in der Bewegung und bei Sozialem nimmt die Menschen in besonderer Weise herein. So VERNETZEN sie sich neu, in lebendiger Weise entlang der gelebten Werte, von lebendigen Ritualen und dem herzlichen Dazugeh\u00f6ren. Solche Menschen wollen tiefer VERSTEHEN. Was tun wir? Wie tun wir es? Und in der tiefsten Schicht: Warum, wozu, wof\u00fcr?<br \/>\nDas Finale im Buch ist das Kapitel &#8222;FREIR\u00c4UME: Die Dynamik der Mitte, der R\u00e4ner und der Zwischenr\u00e4ume&#8220;. Dabei schlage ich sieben &#8222;Klangschalen&#8220; an.<\/p>\n<h3>Wie sieht der Verlag den Autor?<\/h3>\n<p>&#8222;Ferdinand Kaineder ist von fr\u00fchester Kindheit an der Kirche zugeneigt, war lange Jahre beruflich wie auch ehrenamtlich f\u00fcr die Kirche t\u00e4tig. So wie er f\u00fcr ein lebendiges Christentum brennt, so oft scheitert er an den verkrusteten Strukturen der Katholischen Amtskirche. Doch Resignieren ob dieser Situation ist seine Sache nicht: Als Kommunikationscoach macht er sich Gedanken, wie die Kirche im Leben der Menschen wieder einen Platz bekommt, wie das Pfarrleben aufbl\u00fchen und der Glaube vor Ort lebendig erfahren werden kann.<br \/>\nMut, Neues zu denken, Mut, andere Wege einzuschlagen aber auch Mut zu scheitern &#8211; davon erz\u00e4hlt Ferdinand Kaineder in seinem Buch ANPACKEN, NICHT EINPACKEN! Aufbauend auf die vier Handlungsimperative von Wolfgang Bartsch \u201eLebe wachen Gewissens\u201c, \u201eFinde das rechte Ma\u00df\u201c, \u201eWage neue Aufbr\u00fcche\u201c und \u201eHandle solidarisch\u201c formuliert Ferdinand Kaineder Motivationsimperative f\u00fcr ein ge\u00f6ffnetes Leben entlang von Nachhaltigkeit und Solidarit\u00e4t: Loslassen befreit! Aufbruch bewegt! Vielfalt st\u00e4rkt! Gemeinschaft h\u00e4lt! Gerechtigkeit geht! Beziehung heilt! Erfahrung bildet! Kultur \u00f6ffnet! Fremdes bereichert! Ein ebenso hartes wie positives Buch, ein Aufruf zum Aufbruch und zur Hinwendung zum Guten.&#8220;<\/p>\n<p>Es ist mir ein Anliegen, dass das Buch \u00fcber den lokalen und regioalen Buchhandel den Weg zu den Menschen findet. Deshalb lade ich ein, einen haptischen Besuch bei der Buchh\u00e4ndlerin oder dem Buchh\u00e4ndler zu machen. Wer Online-Bestellungen vorzieht, soll auch wissen, dass der lokale Buchhandel das genauso macht. Ansonsten geht es auch \u00fcber den <span style=\"color: #ff6600;\"><a style=\"color: #ff6600;\" href=\"https:\/\/herder.buchkatalog.at\/product\/3000002784595\/Buecher\/Ferdinand-Kaineder\/Anpacken-nicht-einpacken\" target=\"_blank\" rel=\"noopener noreferrer\">Verlag in Wien<\/a><\/span> f\u00fcr \u00d6sterreich oder <span style=\"color: #ff6600;\"><a style=\"color: #ff6600;\" href=\"https:\/\/www.herder.de\/religion-spiritualitaet-shop\/anpacken%2c-nicht-einpacken!-gebundene-ausgabe\/c-38\/p-19150\/\" target=\"_blank\" rel=\"noopener noreferrer\">in Freiburg<\/a><\/span> f\u00fcr Deutschland und die Schweiz.<\/p>\n<p><a href=\"https:\/\/media.herder.de\/pressetexte\/PT_Kaineder_Anpacken.pdf\" target=\"_blank\" rel=\"noopener noreferrer\">Pressetext zum Buch in Deutschland und \u00d6sterreich<\/a><\/p>\n<h3>Termine f\u00fcr Lesungen und Buchpr\u00e4sentationen (<em>werden erweitert<\/em>):<\/h3>\n<ul>\n<li>In Kirchschlag am <strong>SO 6. Sept 2020 um 15 Uhr \u201eim Moos\u201c<\/strong> auf der \u201eMoosgstettn\u201c bei meinem Elternhaus in 4202 Riedl 4. Bitte Sitzunterlage mitnehmen.<br \/>\nBei Schlechtwetter im St. Anna Pfarrzentrum, Kirchschlag 29.<\/li>\n<li>In Linz am <strong>MO 7. Sept 2020 um 19 Uhr in der Pfarre St. Markus<\/strong> in Urfahr, Gr\u00fcndbergstrasse 2 in der Kirche.<\/li>\n<li>In <strong>Wien am DO 10. Sept 2020 um 11 Uhr im Quo Vadis<\/strong> \u2013 Begegnungszentrum der Ordensgemeinschaften in 1010 Wien, Stephansplatz 6.<\/li>\n<li>In <strong>Ottensheim am SO 20. Sept 2020 um 10.30 Uhr im Pfarrheim<\/strong>, Bahnhofstr. 2.<\/li>\n<li>In <strong>Linz am DI 22. Sept 2020 um 18 Uhr im Pastoralamt<\/strong> Linz, Kapuzinerstra\u00dfe 4.<\/li>\n<li>In <strong>Graz am DO 8. Okt um 19 Uhr in St. Lukas<\/strong>, <span class=\"JtukPc\">Eggenberger G\u00fcrtel 76, 8020 Graz<\/span>.<\/li>\n<\/ul>\n<p><span style=\"color: #ff9900;\"><a style=\"color: #ff9900;\" href=\"https:\/\/www.kaineder.at\/wordpress\/ganzkonkret\/\" target=\"_blank\" rel=\"noopener noreferrer\">Ganz konkret_!!<\/a><\/span><\/p>\n","protected":false},"excerpt":{"rendered":"<p>&#8222;F\u00fcr Gemeinschaft, die begeistert&#8220; steht als Untertitel auf dem Buchcover meines Buches &#8222;Anpacken, nicht einpacken!&#8220;, das seit 19.\u00a0 August 2020 im Buchhandel erh\u00e4tlich ist. Eine wunderbare und folgenschwere Begegnung bei der &#8222;Buch Wien&#8220; 2019 hat mir die Energie gegeben, zu beginnen und auch zu vollenden. Mit dem\u00a0 Herder-Verlag (Freiburg, M\u00fcnchen, Wien) habe ich einen Partner &hellip; <\/p>\n<p><a class=\"more-link btn\" href=\"https:\/\/www.kaineder.at\/wordpress\/anpacken-nicht-einpacken\/\">Weiterlesen<\/a><\/p>\n","protected":false},"author":1,"featured_media":0,"comment_status":"closed","ping_status":"open","sticky":false,"template":"","format":"standard","meta":{"footnotes":""},"categories":[13,4,16,15,12,11,36,14,10,1,9],"tags":[177,209,207,208,201,169,94,88,190,202,203,35,28,165,111,197,126,204,205,21,206],"class_list":["post-9365","post","type-post","status-publish","format-standard","hentry","category-gehen-pilgern","category-team-coaching","category-lokal-detektive","category-zukunfstbilder","category-social-media","category-kommunikation-lotsen","category-orden-kirchen","category-gemeinschaften-konnektive","category-philosophie-theologie","category-allgemein","category-uncategorized","tag-bewegung","tag-buehne","tag-dazugehoeren","tag-geistkraft","tag-gemeinschaft","tag-jesus","tag-kirche","tag-klimagerechtigkeit","tag-laudatosi","tag-lebendigkeit","tag-musik","tag-ordensgemeinschaften","tag-pilgern","tag-rituale","tag-socialmedia","tag-soziales","tag-spiritualitaet","tag-vernetzen","tag-verstehen","tag-volkenroda","tag-werte","item-wrap"],"_links":{"self":[{"href":"https:\/\/www.kaineder.at\/wordpress\/wp-json\/wp\/v2\/posts\/9365","targetHints":{"allow":["GET"]}}],"collection":[{"href":"https:\/\/www.kaineder.at\/wordpress\/wp-json\/wp\/v2\/posts"}],"about":[{"href":"https:\/\/www.kaineder.at\/wordpress\/wp-json\/wp\/v2\/types\/post"}],"author":[{"embeddable":true,"href":"https:\/\/www.kaineder.at\/wordpress\/wp-json\/wp\/v2\/users\/1"}],"replies":[{"embeddable":true,"href":"https:\/\/www.kaineder.at\/wordpress\/wp-json\/wp\/v2\/comments?post=9365"}],"version-history":[{"count":26,"href":"https:\/\/www.kaineder.at\/wordpress\/wp-json\/wp\/v2\/posts\/9365\/revisions"}],"predecessor-version":[{"id":9422,"href":"https:\/\/www.kaineder.at\/wordpress\/wp-json\/wp\/v2\/posts\/9365\/revisions\/9422"}],"wp:attachment":[{"href":"https:\/\/www.kaineder.at\/wordpress\/wp-json\/wp\/v2\/media?parent=9365"}],"wp:term":[{"taxonomy":"category","embeddable":true,"href":"https:\/\/www.kaineder.at\/wordpress\/wp-json\/wp\/v2\/categories?post=9365"},{"taxonomy":"post_tag","embeddable":true,"href":"https:\/\/www.kaineder.at\/wordpress\/wp-json\/wp\/v2\/tags?post=9365"}],"curies":[{"name":"wp","href":"https:\/\/api.w.org\/{rel}","templated":true}]}}