{"id":9907,"date":"2021-03-10T10:21:06","date_gmt":"2021-03-10T09:21:06","guid":{"rendered":"https:\/\/www.kaineder.at\/wordpress\/?p=9907"},"modified":"2021-03-10T12:37:23","modified_gmt":"2021-03-10T11:37:23","slug":"es-will-aus-mir-heraus","status":"publish","type":"post","link":"https:\/\/www.kaineder.at\/wordpress\/es-will-aus-mir-heraus\/","title":{"rendered":"Es will aus mir heraus"},"content":{"rendered":"<p><a href=\"https:\/\/www.kaineder.at\/wordpress\/wp-content\/uploads\/2021\/03\/20_sprung_IMG_5037-Kopie.jpg\"><img loading=\"lazy\" decoding=\"async\" class=\"aligncenter size-medium wp-image-9912\" src=\"https:\/\/www.kaineder.at\/wordpress\/wp-content\/uploads\/2021\/03\/20_sprung_IMG_5037-Kopie-300x190.jpg\" alt=\"In die Lebendigkeit springen\" width=\"300\" height=\"190\" srcset=\"https:\/\/www.kaineder.at\/wordpress\/wp-content\/uploads\/2021\/03\/20_sprung_IMG_5037-Kopie-300x190.jpg 300w, https:\/\/www.kaineder.at\/wordpress\/wp-content\/uploads\/2021\/03\/20_sprung_IMG_5037-Kopie-150x95.jpg 150w, https:\/\/www.kaineder.at\/wordpress\/wp-content\/uploads\/2021\/03\/20_sprung_IMG_5037-Kopie-768x486.jpg 768w, https:\/\/www.kaineder.at\/wordpress\/wp-content\/uploads\/2021\/03\/20_sprung_IMG_5037-Kopie-750x475.jpg 750w, https:\/\/www.kaineder.at\/wordpress\/wp-content\/uploads\/2021\/03\/20_sprung_IMG_5037-Kopie.jpg 1000w\" sizes=\"auto, (max-width: 300px) 100vw, 300px\" \/><\/a>&#8222;Warum sich als Christin oder Christ engagieren?&#8220; Das war die Why-Frage auf Zoom. Frauen und M\u00e4nner haben sich eingefunden, denen eine &#8222;neue Kirche&#8220; ein Anliegen ist. Ganz konkret. Eine Folge der <a href=\"https:\/\/www.kaineder.at\/wordpress\/das-anpacken-buch-bestellen\/\" target=\"_blank\" rel=\"noopener\">Pr\u00e4sentation meines Anpacken-Buches<\/a> vor einigen Wochen. Ein zweiter Abend: &#8222;Warum, wozu und wof\u00fcr sich selbst, Zeit und Energie einbringen&#8220;?<\/p>\n<p><!--more--><\/p>\n<p>&#8222;Ich will etwas Sinnvolles tun, Menschen begegnen, mein K\u00f6nnen und meine Erfahrung einbringen.&#8220; Eine Frau ist auf der Suche nach &#8222;einem Ort, wo das gut m\u00f6glich ist&#8220;. Sie vermutet, dass die Pfarre ein f\u00f6rderlicher Ort daf\u00fcr sein k\u00f6nnte. Sicher ist sie sich nicht, ob sie Gemeinschaft, einen pers\u00f6nlichen Austausch, Spiritualit\u00e4t und Platz f\u00fcr die tiefen Sinnfragen des Lebens findet.<\/p>\n<h3>Lebendigkeit welkt<\/h3>\n<p>&#8222;Fr\u00fcher war unsere Pfarre ein lebendiges Miteinander, die Pfarre hat gebl\u00fcht. Heute wird alles weniger und welkt dahin.&#8220; Ein Mann sieht im zweiten Hinschauen, dass durch einen Pfarrerwechsel die Offenheit und das Vertrauen verschwunden ist. &#8222;Es geht nur mehr um die Erhaltung der \u00e4u\u00dferen Rituale, Formalit\u00e4ten und Verwaltung.&#8220; Es wird auf der Ebene der Normen, Gesetze und der Institution, die amtliche Kirche &#8222;gespielt&#8220;. Schon lange wissen wir, wer diese Ebene in den Vordergrund r\u00fcckt, ist auf verlorenem Posten. Wer die Ebene der Normen nicht heben kann auf die H\u00f6he der &#8222;gelebten Werte, lebendiger Rituale und solidarischer Zugeh\u00f6rigkeit&#8220;, m\u00fcht sich umsonst in selbstgef\u00e4lliger Instituionalit\u00e4t.\u00a0 Wer sich hinter der Institution verschanzt, bleibt ungeh\u00f6rt. &#8222;Fr\u00fcher wurde uns etwas zugetraut, es war eine f\u00f6derliche Grundhaltung sp\u00fcrbar und die Pfarre ein Ort der Lebendigkeit.&#8220; Das &#8222;Why&#8220; des in vielen sozialen Feldern engagierten Mannes blieb hingegen unver\u00e4ndert. &#8222;Es will aus mir heraus und das braucht einen Ort, wo es sich zusammen mit anderen verwirklichen kann.&#8220;<\/p>\n<h3>Was machen wir gerade falsch?<\/h3>\n<p>&#8222;Um die Armen k\u00fcmmern, Liebe in die Welt bringen, heilsam sein, lehren und verk\u00fcnden und mit dem eigenen Leben immer wieder Antwort geben aus dieser Gottesbeziehung.&#8220; Das wurde in der Breakout-Session als tiefstes Why formuliert. Im Plenum wurde es nochmals k\u00fcrzer versucht: &#8222;Der Liebe von Gott her mit dem Leben eine Antwort geben.&#8220; Wir verst\u00e4ndigen uns, dass das anziehenste Why immer \u00fcber Personen kommt (oder eben nicht), \u00fcber Erz\u00e4hlungen und postive Erlebnisse. In de Breakouts haben wir uns die einander erz\u00e4hlt. Wo solche &#8222;begeisterte Personen&#8220; fehlen, ihnen kein Raum, kein Freiraum, kein Platz einger\u00e4umt wird, bekommt die &#8222;Verwaltung&#8220; die Oberhand, das Institutionelle, das Klerikale, schlie\u00dflich die \u00c4ngstlichkeit. Was machen wir falsch? &#8211; fragt ein schon erfahrener Seelsorger etwas betroffen. Eine Gespr\u00e4chsteilnehmerin beginnt recht spontan mit der Aufz\u00e4hlung der Knackpunkte: Missbrauch und der Umgang damit, die Frauenfrage wird dauernd &#8222;zerredet&#8220; und eine schier unendliche Selbstverliebtheit, Selbstbezogenheit, ein tiefer Narzismus der Amtstr\u00e4ger. Drei Beispiele, die gleich da sind. Genau das suchen Menschen heute nicht. Und zu oft wird noch versucht, &#8222;etwas in die Leute hineinzulegen, sie zu indoktrinieren, pr\u00e4gend einzustempeln&#8220;. Dabei ist klar: Gott war vor dem Missionar da.<\/p>\n<h3>Neu aufbl\u00fchen<\/h3>\n<p>Das f\u00fchrt uns in den \u00dcberlegungen wieder zur\u00fcck zur &#8222;intrinsischen Motivation&#8220; f\u00fcr ein Engagement: &#8222;Es will aus mir heraus und daf\u00fcr suche ich einen Platz, wo ich das gut verwirklichen kann im Dienste und als Aufgabe f\u00fcr das Gemeinsame, beispielsweise die Pfarre.&#8220; Aristoteles kommt mit seiner Sicht der Berufung in den Zoom-Raum: &#8222;Wo sich deine Talente mit den Bed\u00fcrfnissen der Welt kreuzen, dort liegt deine Berufung.&#8220; Wenn Pfarren und kirchliche Knotenpunkte sich als offene, weit ge\u00f6ffnete und hellwache &#8222;Kreuzungspunkte f\u00fcr diese Berufungen&#8220; verstehen, kann das Leben (neu) aufbl\u00fchen. Genau in diese Richtung wollen wir gemeinsam weitergehen.<\/p>\n","protected":false},"excerpt":{"rendered":"<p>&#8222;Warum sich als Christin oder Christ engagieren?&#8220; Das war die Why-Frage auf Zoom. Frauen und M\u00e4nner haben sich eingefunden, denen eine &#8222;neue Kirche&#8220; ein Anliegen ist. Ganz konkret. Eine Folge der Pr\u00e4sentation meines Anpacken-Buches vor einigen Wochen. Ein zweiter Abend: &#8222;Warum, wozu und wof\u00fcr sich selbst, Zeit und Energie einbringen&#8220;?<\/p><p><a class=\"more-link btn\" href=\"https:\/\/www.kaineder.at\/wordpress\/es-will-aus-mir-heraus\/\">Weiterlesen<\/a><\/p>\n","protected":false},"author":1,"featured_media":0,"comment_status":"closed","ping_status":"open","sticky":false,"template":"","format":"standard","meta":{"footnotes":""},"categories":[4,16,15,14,10,1],"tags":[],"class_list":["post-9907","post","type-post","status-publish","format-standard","hentry","category-team-coaching","category-lokal-detektive","category-zukunfstbilder","category-gemeinschaften-konnektive","category-philosophie-theologie","category-allgemein","item-wrap"],"_links":{"self":[{"href":"https:\/\/www.kaineder.at\/wordpress\/wp-json\/wp\/v2\/posts\/9907","targetHints":{"allow":["GET"]}}],"collection":[{"href":"https:\/\/www.kaineder.at\/wordpress\/wp-json\/wp\/v2\/posts"}],"about":[{"href":"https:\/\/www.kaineder.at\/wordpress\/wp-json\/wp\/v2\/types\/post"}],"author":[{"embeddable":true,"href":"https:\/\/www.kaineder.at\/wordpress\/wp-json\/wp\/v2\/users\/1"}],"replies":[{"embeddable":true,"href":"https:\/\/www.kaineder.at\/wordpress\/wp-json\/wp\/v2\/comments?post=9907"}],"version-history":[{"count":6,"href":"https:\/\/www.kaineder.at\/wordpress\/wp-json\/wp\/v2\/posts\/9907\/revisions"}],"predecessor-version":[{"id":9914,"href":"https:\/\/www.kaineder.at\/wordpress\/wp-json\/wp\/v2\/posts\/9907\/revisions\/9914"}],"wp:attachment":[{"href":"https:\/\/www.kaineder.at\/wordpress\/wp-json\/wp\/v2\/media?parent=9907"}],"wp:term":[{"taxonomy":"category","embeddable":true,"href":"https:\/\/www.kaineder.at\/wordpress\/wp-json\/wp\/v2\/categories?post=9907"},{"taxonomy":"post_tag","embeddable":true,"href":"https:\/\/www.kaineder.at\/wordpress\/wp-json\/wp\/v2\/tags?post=9907"}],"curies":[{"name":"wp","href":"https:\/\/api.w.org\/{rel}","templated":true}]}}