{"id":9916,"date":"2021-03-17T15:52:13","date_gmt":"2021-03-17T14:52:13","guid":{"rendered":"https:\/\/www.kaineder.at\/wordpress\/?p=9916"},"modified":"2021-03-17T16:00:57","modified_gmt":"2021-03-17T15:00:57","slug":"spuren-gehen","status":"publish","type":"post","link":"https:\/\/www.kaineder.at\/wordpress\/spuren-gehen\/","title":{"rendered":"Spuren gehen"},"content":{"rendered":"<p><a href=\"https:\/\/www.kaineder.at\/wordpress\/wp-content\/uploads\/2021\/03\/IMG_4249-scaled.jpg\"><img loading=\"lazy\" decoding=\"async\" class=\"aligncenter size-medium wp-image-9929\" src=\"https:\/\/www.kaineder.at\/wordpress\/wp-content\/uploads\/2021\/03\/IMG_4249-300x225.jpg\" alt=\"Pilgerpfad auf der Hirschalm\" width=\"300\" height=\"225\" srcset=\"https:\/\/www.kaineder.at\/wordpress\/wp-content\/uploads\/2021\/03\/IMG_4249-300x225.jpg 300w, https:\/\/www.kaineder.at\/wordpress\/wp-content\/uploads\/2021\/03\/IMG_4249-1024x768.jpg 1024w, https:\/\/www.kaineder.at\/wordpress\/wp-content\/uploads\/2021\/03\/IMG_4249-150x113.jpg 150w, https:\/\/www.kaineder.at\/wordpress\/wp-content\/uploads\/2021\/03\/IMG_4249-768x576.jpg 768w, https:\/\/www.kaineder.at\/wordpress\/wp-content\/uploads\/2021\/03\/IMG_4249-1536x1152.jpg 1536w, https:\/\/www.kaineder.at\/wordpress\/wp-content\/uploads\/2021\/03\/IMG_4249-2048x1536.jpg 2048w, https:\/\/www.kaineder.at\/wordpress\/wp-content\/uploads\/2021\/03\/IMG_4249-750x563.jpg 750w\" sizes=\"auto, (max-width: 300px) 100vw, 300px\" \/>E<\/a>r ist immer wieder eine Inspiration. Von <a href=\"https:\/\/gea-waldviertler.at\/\" target=\"_blank\" rel=\"noopener\">Heini Staudinger<\/a> spreche ich. Seine Tasche mit der Aufschrift &#8222;Nie ist zu wenig was gen\u00fcgt&#8220; begleitet mich schon lange. Meine Augen durchstreifen neugierig seinen Newsletter mit Schuh-Angeboten und geistreichen Betrachtungen. Das Gehen und die Bewegung sind heute angesprochen.<\/p>\n<p><!--more--><\/p>\n<p>&#8222;Gehe nicht, wohin der Weg dich f\u00fchren mag, sondern dorthin, wo kein Weg ist und hinterlasse eine Spur.&#8220; Marlon Brando wird dieser den Menschen zugeworfene Imperativ zugesprochen. Mag sein. Der Inhalt ist es, der mich &#8222;angeht&#8220;. Und die Erfahrungen werden wachger\u00fcttelt, die mir auf meinen Wegen geschenkt wurden. &#8222;Der Weg entsteht im Gehen.&#8220; &#8222;Es wird im Gehen gel\u00f6st.&#8220; Bei Heini ist auf diese Weise eine kollaborative Schuhfabrik gewachsen. Und rundherum viel wunderbare und einladende Sachen wie ein Hotel, eine Akademie, ein poltisches Engagement, Kunst und Kultur. Covid19 hat einen Bremsklotz hingeworfen. Die Aufschrift seiner Tasche stimmt f\u00fcr ihn und alle mit ihm in dieser Zeit hoffentlich und l\u00e4sst ihn weitergehen und weitersuchen. Ich werde online ein paar Schuhe bestellen. Wege und Spuren brauchen sie.<\/p>\n<h3>Aber wie ist das mit den neuen Wegen?<\/h3>\n<p>&#8222;Es gelingt mir nicht, aus meinem Alltag herauszusteigen. Nicht einmal f\u00fcr drei Tage. Ich f\u00fchle mich festgehalten von den vielen Dingen, die t\u00e4glich auf mich zukommen und mich brauchen.&#8220; Ein l\u00e4ngeres Telefonat hatte heute diese Tonalit\u00e4t. Aufbrechen, ausbrechen, einfach loslassen und f\u00fcr eine gewisse Zeit nicht da sein. Nicht so einfach. Da geht es noch gar nicht darum, als Pionierin neue Wege und Pfade zu schlagen. Es geht zuallererst hier einfach darum, tief durchzuatmen, im Kalender einen Schr\u00e4gstrich zu setzen, einen Rucksack zu nehmen, ihn f\u00fcr drei oder sieben Tage mental einzupacken und die Seele auf den zuk\u00fcnftigen Weg einzustimmen.\u00a0 Wo gehen? &#8211; werde ich gefragt.\u00a0 <a href=\"https:\/\/www.pilgerwege.at\/pilgern-oesterreich\/\" target=\"_blank\" rel=\"noopener\">Wege, die sich daf\u00fcr eignen<\/a>, gibt es gerade in \u00d6sterreich genug. <a href=\"https:\/\/www.weltanschauen.at\/\" target=\"_blank\" rel=\"noopener\">Angebote zum Mitgehen<\/a> ebenso. Das Telefonat endet etwa so: &#8222;Das werde ich nach Ostern gleich angehen.&#8220; Sch\u00f6n, wenn ein Mensch seiner tiefen Sehnsucht Platz gibt. Auch wenn jemand schon begangene Wege geht, so wird dieser Weg, der auf sie zukommt, Spuren hinterlassen. Bei ihr selber.<\/p>\n<p>&nbsp;<\/p>\n","protected":false},"excerpt":{"rendered":"<p>Er ist immer wieder eine Inspiration. Von Heini Staudinger spreche ich. Seine Tasche mit der Aufschrift &#8222;Nie ist zu wenig was gen\u00fcgt&#8220; begleitet mich schon lange. Meine Augen durchstreifen neugierig seinen Newsletter mit Schuh-Angeboten und geistreichen Betrachtungen. Das Gehen und die Bewegung sind heute angesprochen.<\/p><p><a class=\"more-link btn\" href=\"https:\/\/www.kaineder.at\/wordpress\/spuren-gehen\/\">Weiterlesen<\/a><\/p>\n","protected":false},"author":1,"featured_media":0,"comment_status":"closed","ping_status":"open","sticky":false,"template":"","format":"standard","meta":{"footnotes":""},"categories":[13,16,15,14,1],"tags":[],"class_list":["post-9916","post","type-post","status-publish","format-standard","hentry","category-gehen-pilgern","category-lokal-detektive","category-zukunfstbilder","category-gemeinschaften-konnektive","category-allgemein","item-wrap"],"_links":{"self":[{"href":"https:\/\/www.kaineder.at\/wordpress\/wp-json\/wp\/v2\/posts\/9916","targetHints":{"allow":["GET"]}}],"collection":[{"href":"https:\/\/www.kaineder.at\/wordpress\/wp-json\/wp\/v2\/posts"}],"about":[{"href":"https:\/\/www.kaineder.at\/wordpress\/wp-json\/wp\/v2\/types\/post"}],"author":[{"embeddable":true,"href":"https:\/\/www.kaineder.at\/wordpress\/wp-json\/wp\/v2\/users\/1"}],"replies":[{"embeddable":true,"href":"https:\/\/www.kaineder.at\/wordpress\/wp-json\/wp\/v2\/comments?post=9916"}],"version-history":[{"count":11,"href":"https:\/\/www.kaineder.at\/wordpress\/wp-json\/wp\/v2\/posts\/9916\/revisions"}],"predecessor-version":[{"id":9930,"href":"https:\/\/www.kaineder.at\/wordpress\/wp-json\/wp\/v2\/posts\/9916\/revisions\/9930"}],"wp:attachment":[{"href":"https:\/\/www.kaineder.at\/wordpress\/wp-json\/wp\/v2\/media?parent=9916"}],"wp:term":[{"taxonomy":"category","embeddable":true,"href":"https:\/\/www.kaineder.at\/wordpress\/wp-json\/wp\/v2\/categories?post=9916"},{"taxonomy":"post_tag","embeddable":true,"href":"https:\/\/www.kaineder.at\/wordpress\/wp-json\/wp\/v2\/tags?post=9916"}],"curies":[{"name":"wp","href":"https:\/\/api.w.org\/{rel}","templated":true}]}}